{"id":1417,"date":"2018-09-01T22:53:00","date_gmt":"2018-09-02T01:53:00","guid":{"rendered":"http:\/\/blogdoedvaldomagalhaes.com.br\/index.php\/2018\/09\/01\/laura-gomes-politica-e-o-espaco-onde-me\/"},"modified":"2019-02-09T02:29:43","modified_gmt":"2019-02-09T04:29:43","slug":"laura-gomes-politica-e-o-espaco-onde-me","status":"publish","type":"post","link":"https:\/\/blogdoedvaldomagalhaes.com.br\/index.php\/2018\/09\/01\/laura-gomes-politica-e-o-espaco-onde-me\/","title":{"rendered":"Laura Gomes: \u201cA pol\u00edtica \u00e9 o espa\u00e7o onde me sinto \u00fatil para mudar a vida das pessoas\u201d"},"content":{"rendered":"<div class=\"separator\" style=\"clear: both; text-align: center;\">\n<a href=\"https:\/\/1.bp.blogspot.com\/-Z_Lp3R69mzU\/W4sXt2P4N6I\/AAAAAAAA5PA\/A-vN0dGfMN0LtPBuXQvkF0n9HSf_IwmxQCLcBGAs\/s1600\/laura%2B1.jpg\" imageanchor=\"1\" style=\"margin-left: 1em; margin-right: 1em;\"><img loading=\"lazy\" decoding=\"async\" border=\"0\" data-original-height=\"853\" data-original-width=\"1280\" height=\"426\" src=\"http:\/\/blogdoedvaldomagalhaes.com.br\/wp-content\/uploads\/2018\/09\/laura1.jpg\" width=\"640\" \/><\/a><\/div>\n<div dir=\"auto\" style=\"background-color: white; color: #222222; font-family: Arial, Helvetica, sans-serif; text-align: center;\">\nCr\u00e9dito das fotos: Juelayne Gondim\/Divulga\u00e7\u00e3o<\/div>\n<div dir=\"auto\" style=\"background-color: white; color: #222222; font-family: Arial, Helvetica, sans-serif; text-align: center;\">\n<\/div>\n<div dir=\"auto\" style=\"background-color: white; text-align: center;\">\n<div dir=\"auto\" style=\"text-align: justify;\">\nDezenas de pessoas estiveram presentes para&nbsp;apoiar a deputada Estadual e candidata \u00e0 reelei\u00e7\u00e3o, Laura Gomes (PSB), durante a inaugura\u00e7\u00e3o do comit\u00ea em Caruaru, localizado na esquina da Rua Jo\u00e3o Cursino com a Agamenon Magalh\u00e3es. Acompanhada de lideran\u00e7as como o candidato a Senador Jarbas Vasconcelos, da candidata \u00e0 deputada federal Maria Ribeiro, de representantes do PSB-PE, de vereadores e de lideran\u00e7as de Caruaru e regi\u00e3o, Laura Gomes chegou ao comit\u00ea sob a vibra\u00e7\u00e3o da juventude 40240.<\/div>\n<div dir=\"auto\" style=\"text-align: justify;\">\n<\/div>\n<div class=\"separator\" style=\"clear: both; text-align: center;\">\n<a href=\"https:\/\/1.bp.blogspot.com\/-VEq70Se3qv0\/W4sYGbf8n1I\/AAAAAAAA5PI\/hTBmzHYVtxo7x0cg02yyG616l74E6_LawCLcBGAs\/s1600\/laura.jpg\" imageanchor=\"1\" style=\"margin-left: 1em; margin-right: 1em;\"><img loading=\"lazy\" decoding=\"async\" border=\"0\" data-original-height=\"853\" data-original-width=\"1280\" height=\"426\" src=\"http:\/\/blogdoedvaldomagalhaes.com.br\/wp-content\/uploads\/2018\/09\/laura.jpg\" width=\"640\" \/><\/a><\/div>\n<div dir=\"auto\" style=\"text-align: justify;\">\n<\/div>\n<div dir=\"auto\" style=\"text-align: justify;\">\nDurante os discursos, as lideran\u00e7as ressaltaram a lealdade, o cuidado com as pessoas e a atua\u00e7\u00e3o destacada de Laura na Assembleia como fortes caracter\u00edsticas para conquistar os votos dos eleitores. \u201cEsse \u00e9 o palanque do bem, do compromisso com as pessoas e, por isso, Caruaru deve reeleger Laura Gomes\u201d, destacou Jarbas Vasconcelos.<\/div>\n<div dir=\"auto\" style=\"text-align: justify;\">\n<\/div>\n<div dir=\"auto\" style=\"text-align: justify;\">\nJorge Gomes lembrou a trajet\u00f3ria de Laura marcada pela coer\u00eancia e pela luta pela inclus\u00e3o social. \u201cLaura n\u00e3o vive mudando de partido. Ela acredita em um projeto pol\u00edtico e se dedica ao servi\u00e7o \u00e0 popula\u00e7\u00e3o\u201d, ressaltou.<\/div>\n<div dir=\"auto\" style=\"text-align: justify;\">\n<\/div>\n<div class=\"separator\" style=\"clear: both; text-align: center;\">\n<a href=\"https:\/\/1.bp.blogspot.com\/-L5BYk3nZreQ\/W4sYTwAlPXI\/AAAAAAAA5PM\/ku-g9pvytVQydFuN9mP94mjLqgJf6xcUACLcBGAs\/s1600\/laura%2B3.jpg\" imageanchor=\"1\" style=\"margin-left: 1em; margin-right: 1em;\"><img loading=\"lazy\" decoding=\"async\" border=\"0\" data-original-height=\"853\" data-original-width=\"1280\" height=\"426\" src=\"http:\/\/blogdoedvaldomagalhaes.com.br\/wp-content\/uploads\/2018\/09\/laura3.jpg\" width=\"640\" \/><\/a><\/div>\n<div dir=\"auto\" style=\"text-align: justify;\">\n<\/div>\n<div dir=\"auto\" style=\"text-align: justify;\">\nLaura Gomes citou o dif\u00edcil momento pol\u00edtico pelo qual o Pa\u00eds passa e disse que sai \u00e0s ruas para pedir voto de cabe\u00e7a erguida, pois sempre trilhou o caminho da \u00e9tica. \u201cA pol\u00edtica \u00e9 o significado da minha vida. \u00c9 onde me sinto \u00fatil e renovada ao possibilitar mudan\u00e7as na vida das pessoas. Pe\u00e7o o voto de cada um que est\u00e1 aqui e que voc\u00eas possam pegar material para multiplicar os votos. \u00c9 hora de arrega\u00e7ar as mangas e pegar no servi\u00e7o\u201d, destacou.<\/div>\n<div style=\"text-align: justify;\">\n<\/div>\n<\/div>\n","protected":false},"excerpt":{"rendered":"<p>Cr\u00e9dito das fotos: Juelayne Gondim\/Divulga\u00e7\u00e3o Dezenas de pessoas estiveram presentes para&nbsp;apoiar a deputada Estadual e candidata \u00e0 reelei\u00e7\u00e3o, Laura Gomes&hellip;<\/p>\n","protected":false},"author":1,"featured_media":0,"comment_status":"open","ping_status":"open","sticky":false,"template":"","format":"standard","meta":{"footnotes":""},"categories":[1],"tags":[2,1399,20],"class_list":["post-1417","post","type-post","status-publish","format-standard","hentry","category-sem-categoria","tag-blog-do-edvaldo-magalhaes","tag-laura-gomes-a-politica-e-o-espaco-onde-me-sinto-util-para-mudar-a-vida-das-pessoas","tag-politica"],"_links":{"self":[{"href":"https:\/\/blogdoedvaldomagalhaes.com.br\/index.php\/wp-json\/wp\/v2\/posts\/1417","targetHints":{"allow":["GET"]}}],"collection":[{"href":"https:\/\/blogdoedvaldomagalhaes.com.br\/index.php\/wp-json\/wp\/v2\/posts"}],"about":[{"href":"https:\/\/blogdoedvaldomagalhaes.com.br\/index.php\/wp-json\/wp\/v2\/types\/post"}],"author":[{"embeddable":true,"href":"https:\/\/blogdoedvaldomagalhaes.com.br\/index.php\/wp-json\/wp\/v2\/users\/1"}],"replies":[{"embeddable":true,"href":"https:\/\/blogdoedvaldomagalhaes.com.br\/index.php\/wp-json\/wp\/v2\/comments?post=1417"}],"version-history":[{"count":1,"href":"https:\/\/blogdoedvaldomagalhaes.com.br\/index.php\/wp-json\/wp\/v2\/posts\/1417\/revisions"}],"predecessor-version":[{"id":33788,"href":"https:\/\/blogdoedvaldomagalhaes.com.br\/index.php\/wp-json\/wp\/v2\/posts\/1417\/revisions\/33788"}],"wp:attachment":[{"href":"https:\/\/blogdoedvaldomagalhaes.com.br\/index.php\/wp-json\/wp\/v2\/media?parent=1417"}],"wp:term":[{"taxonomy":"category","embeddable":true,"href":"https:\/\/blogdoedvaldomagalhaes.com.br\/index.php\/wp-json\/wp\/v2\/categories?post=1417"},{"taxonomy":"post_tag","embeddable":true,"href":"https:\/\/blogdoedvaldomagalhaes.com.br\/index.php\/wp-json\/wp\/v2\/tags?post=1417"}],"curies":[{"name":"wp","href":"https:\/\/api.w.org\/{rel}","templated":true}]}}