{"id":1416,"date":"2018-09-01T22:59:00","date_gmt":"2018-09-02T01:59:00","guid":{"rendered":"http:\/\/blogdoedvaldomagalhaes.com.br\/index.php\/2018\/09\/01\/tony-gel-inaugura-comite-e-reafirma\/"},"modified":"2019-02-09T02:29:44","modified_gmt":"2019-02-09T04:29:44","slug":"tony-gel-inaugura-comite-e-reafirma","status":"publish","type":"post","link":"https:\/\/blogdoedvaldomagalhaes.com.br\/index.php\/2018\/09\/01\/tony-gel-inaugura-comite-e-reafirma\/","title":{"rendered":"Tony Gel inaugura comit\u00ea e reafirma compromisso com Caruaru e regi\u00e3o"},"content":{"rendered":"<div class=\"separator\" style=\"clear: both; text-align: center;\">\n<a href=\"https:\/\/1.bp.blogspot.com\/-EAi0aULBUic\/W4sZQPkptBI\/AAAAAAAA5Pc\/RdpmUZ2zhf4kkzh3hYFHBqrW2c0_XMzpQCLcBGAs\/s1600\/tony%2B7.jpg\" imageanchor=\"1\" style=\"margin-left: 1em; margin-right: 1em;\"><img loading=\"lazy\" decoding=\"async\" border=\"0\" data-original-height=\"682\" data-original-width=\"1024\" height=\"426\" src=\"http:\/\/blogdoedvaldomagalhaes.com.br\/wp-content\/uploads\/2018\/09\/tony7.jpg\" width=\"640\" \/><\/a><\/div>\n<div style=\"text-align: justify;\">\n<\/div>\n<div style=\"text-align: justify;\">\nNa presen\u00e7a de lideran\u00e7as e moradores de Caruaru e do Agreste, o deputado estadual e candidato \u00e0 reelei\u00e7\u00e3o, Tony Gel (MDB), inaugurou no final da manh\u00e3 deste s\u00e1bado (1\u00ba) o comit\u00ea central de campanha, juntamente com Raul Henry (MDB) e Jarbas Vasconcelos (MDB), que concorrem \u00e0 C\u00e2mara e Senado pela Frente Popular.<\/div>\n<div style=\"text-align: justify;\">\n<\/div>\n<div class=\"separator\" style=\"clear: both; text-align: center;\">\n<a href=\"https:\/\/3.bp.blogspot.com\/-QdFUOcJwRrA\/W4sZY71mjjI\/AAAAAAAA5Pg\/akyBN5EoWiQDHY4pEWdGS74DwAMMpyv-QCLcBGAs\/s1600\/tony%2B1.jpg\" imageanchor=\"1\" style=\"margin-left: 1em; margin-right: 1em;\"><img loading=\"lazy\" decoding=\"async\" border=\"0\" data-original-height=\"853\" data-original-width=\"1280\" height=\"426\" src=\"http:\/\/blogdoedvaldomagalhaes.com.br\/wp-content\/uploads\/2018\/09\/tony1.jpg\" width=\"640\" \/><\/a><\/div>\n<div style=\"text-align: justify;\">\n<\/div>\n<div style=\"text-align: justify;\">\nDurante o evento, foram citadas as principais obras realizadas pelo emedebista e o compromisso com a popula\u00e7\u00e3o do Agreste Pernambucano.&nbsp;<\/div>\n<div style=\"text-align: justify;\">\n<\/div>\n<div class=\"separator\" style=\"clear: both; text-align: center;\">\n<a href=\"https:\/\/4.bp.blogspot.com\/-rV99eKgtPgM\/W4sZe69ZXsI\/AAAAAAAA5Pk\/4_JopdgM5sk_iFHuNqZS_F458JfrqsV8ACLcBGAs\/s1600\/tony%2B3.jpg\" imageanchor=\"1\" style=\"margin-left: 1em; margin-right: 1em;\"><img loading=\"lazy\" decoding=\"async\" border=\"0\" data-original-height=\"853\" data-original-width=\"1280\" height=\"426\" src=\"http:\/\/blogdoedvaldomagalhaes.com.br\/wp-content\/uploads\/2018\/09\/tony3.jpg\" width=\"640\" \/><\/a><\/div>\n<div style=\"text-align: justify;\">\n<\/div>\n<div style=\"text-align: justify;\">\nNo palanque, estiveram presentes, al\u00e9m de Raul e Jarbas, a ex-deputada estadual Mirian Lacerda, o empres\u00e1rio Tonynho Rodriguess, o ex-prefeito de Caruaru, Anast\u00e1cio Rodrigues, prefeitos de cidades da regi\u00e3o e comitivas: Edilson Tavares (Toritama), Mota (Riacho das Almas), Renato Sales (Vertente do L\u00e9rio), Adriana Assun\u00e7\u00e3o (Frei Miguelinho) e vereadores de S\u00e3o Caetano.&nbsp;<\/div>\n<div style=\"text-align: justify;\">\n<\/div>\n<div class=\"separator\" style=\"clear: both; text-align: center;\">\n<a href=\"https:\/\/2.bp.blogspot.com\/-bBLPC03zHFg\/W4sZkbYgiFI\/AAAAAAAA5Po\/nCgIwcFlwJE6VeXxON1GkfZQeAvlOzvXgCLcBGAs\/s1600\/tony%2B4.jpg\" imageanchor=\"1\" style=\"margin-left: 1em; margin-right: 1em;\"><img loading=\"lazy\" decoding=\"async\" border=\"0\" data-original-height=\"853\" data-original-width=\"1280\" height=\"426\" src=\"http:\/\/blogdoedvaldomagalhaes.com.br\/wp-content\/uploads\/2018\/09\/tony4.jpg\" width=\"640\" \/><\/a><\/div>\n<div style=\"text-align: justify;\">\n<\/div>\n<div style=\"text-align: justify;\">\nTony Gel refor\u00e7ou a import\u00e2ncia de Jarbas Vasconcelos e Raul Henry para Pernambuco, e principalmente para Caruaru. \u201cEsse espa\u00e7o \u00e9 da nossa majorit\u00e1ria, aqui vamos receber al\u00e9m de Jarbas e Raul, o governador Paulo C\u00e2mara e o candidato ao senado Humberto Costa. Jarbas sempre trabalhou por essa terra e Raul, juntamente com Paulo, sempre fizeram muito pela regi\u00e3o\u201d, afirmou.&nbsp;<\/div>\n<div style=\"text-align: justify;\">\n<\/div>\n<div class=\"separator\" style=\"clear: both; text-align: center;\">\n<a href=\"https:\/\/4.bp.blogspot.com\/-AZ6J2J6Atw0\/W4sZpupd8pI\/AAAAAAAA5Pw\/iBolwqiRJ704bPtBl9WWFlEhzEk4CwhDQCLcBGAs\/s1600\/tony%2B5.jpg\" imageanchor=\"1\" style=\"margin-left: 1em; margin-right: 1em;\"><img loading=\"lazy\" decoding=\"async\" border=\"0\" data-original-height=\"853\" data-original-width=\"1280\" height=\"426\" src=\"http:\/\/blogdoedvaldomagalhaes.com.br\/wp-content\/uploads\/2018\/09\/tony5.jpg\" width=\"640\" \/><\/a><\/div>\n<div style=\"text-align: justify;\">\n<\/div>\n<div style=\"text-align: justify;\">\nO vice-governador e candidato a deputado federal Raul Henry destacou a import\u00e2ncia do evento para iniciar a campanha em Caruaru. \u201cEsta cidade \u00e9 o polo mais din\u00e2mico do interior do Estado, \u00e9 o munic\u00edpio que mais cresce em Pernambuco e no Brasil, e isso s\u00f3 \u00e9 poss\u00edvel atrav\u00e9s do esfor\u00e7o do povo trabalhador e empreendedor dessa regi\u00e3o. Tony Gel \u00e9 o maior l\u00edder popular e representante dessa terra, nunca desapontou a confian\u00e7a desse povo. E dessa vez ter\u00e1 a maior vota\u00e7\u00e3o da sua hist\u00f3ria pol\u00edtica\u201d, reafirmou.&nbsp;<\/div>\n<div style=\"text-align: justify;\">\n<\/div>\n<div class=\"separator\" style=\"clear: both; text-align: center;\">\n<a href=\"https:\/\/4.bp.blogspot.com\/-MkID8Mv8uvc\/W4sZvMzb5bI\/AAAAAAAA5P4\/Mjj9fRMki60iZvrJKksiVvIzQgK0yhe6gCLcBGAs\/s1600\/tony%2B6.jpg\" imageanchor=\"1\" style=\"margin-left: 1em; margin-right: 1em;\"><img loading=\"lazy\" decoding=\"async\" border=\"0\" data-original-height=\"853\" data-original-width=\"1280\" height=\"426\" src=\"http:\/\/blogdoedvaldomagalhaes.com.br\/wp-content\/uploads\/2018\/09\/tony6.jpg\" width=\"640\" \/><\/a><\/div>\n<div style=\"text-align: justify;\">\n<\/div>\n<div style=\"text-align: justify;\">\nO candidato ao Senado, Jarbas Vasconcelos, destacou o legado da chapa para Capital do Agreste e relembrou as principais obras realizadas no Estado. \u201cJ\u00e1 fiz muito por Pernambuco e quero continuar fazendo. A duplica\u00e7\u00e3o da BR-232 \u00e9 a prova do desenvolvimento que eu trouxe para Pernambuco durante o meu mandato de governador\u201d, relembrou.&nbsp;<\/div>\n<div style=\"text-align: justify;\">\n<\/div>\n<div style=\"text-align: justify;\">\nO evento foi marcado pela intera\u00e7\u00e3o dos candidatos com o p\u00fablico e a anima\u00e7\u00e3o da Onda Jovem que movimentou o entorno do comit\u00ea, que fica localizado na Av. Oswaldo, n\u00ba 83, Maur\u00edcio de Nassau.<\/div>\n<div style=\"text-align: justify;\">\n<\/div>\n","protected":false},"excerpt":{"rendered":"<p>Na presen\u00e7a de lideran\u00e7as e moradores de Caruaru e do Agreste, o deputado estadual e candidato \u00e0 reelei\u00e7\u00e3o, Tony Gel&hellip;<\/p>\n","protected":false},"author":1,"featured_media":0,"comment_status":"open","ping_status":"open","sticky":false,"template":"","format":"standard","meta":{"footnotes":""},"categories":[1],"tags":[2,20,1398],"class_list":["post-1416","post","type-post","status-publish","format-standard","hentry","category-sem-categoria","tag-blog-do-edvaldo-magalhaes","tag-politica","tag-tony-gel-inaugura-comite-e-reafirma-compromisso-com-caruaru-e-regiao"],"_links":{"self":[{"href":"https:\/\/blogdoedvaldomagalhaes.com.br\/index.php\/wp-json\/wp\/v2\/posts\/1416","targetHints":{"allow":["GET"]}}],"collection":[{"href":"https:\/\/blogdoedvaldomagalhaes.com.br\/index.php\/wp-json\/wp\/v2\/posts"}],"about":[{"href":"https:\/\/blogdoedvaldomagalhaes.com.br\/index.php\/wp-json\/wp\/v2\/types\/post"}],"author":[{"embeddable":true,"href":"https:\/\/blogdoedvaldomagalhaes.com.br\/index.php\/wp-json\/wp\/v2\/users\/1"}],"replies":[{"embeddable":true,"href":"https:\/\/blogdoedvaldomagalhaes.com.br\/index.php\/wp-json\/wp\/v2\/comments?post=1416"}],"version-history":[{"count":1,"href":"https:\/\/blogdoedvaldomagalhaes.com.br\/index.php\/wp-json\/wp\/v2\/posts\/1416\/revisions"}],"predecessor-version":[{"id":33795,"href":"https:\/\/blogdoedvaldomagalhaes.com.br\/index.php\/wp-json\/wp\/v2\/posts\/1416\/revisions\/33795"}],"wp:attachment":[{"href":"https:\/\/blogdoedvaldomagalhaes.com.br\/index.php\/wp-json\/wp\/v2\/media?parent=1416"}],"wp:term":[{"taxonomy":"category","embeddable":true,"href":"https:\/\/blogdoedvaldomagalhaes.com.br\/index.php\/wp-json\/wp\/v2\/categories?post=1416"},{"taxonomy":"post_tag","embeddable":true,"href":"https:\/\/blogdoedvaldomagalhaes.com.br\/index.php\/wp-json\/wp\/v2\/tags?post=1416"}],"curies":[{"name":"wp","href":"https:\/\/api.w.org\/{rel}","templated":true}]}}