{"id":1415,"date":"2018-09-01T23:01:00","date_gmt":"2018-09-02T02:01:00","guid":{"rendered":"http:\/\/blogdoedvaldomagalhaes.com.br\/index.php\/2018\/09\/01\/vereador-fagner-fernandes-apresenta\/"},"modified":"2019-02-09T02:29:44","modified_gmt":"2019-02-09T04:29:44","slug":"vereador-fagner-fernandes-apresenta","status":"publish","type":"post","link":"https:\/\/blogdoedvaldomagalhaes.com.br\/index.php\/2018\/09\/01\/vereador-fagner-fernandes-apresenta\/","title":{"rendered":"Vereador Fagner Fernandes apresenta seus candidatos para elei\u00e7\u00f5es 2018"},"content":{"rendered":"<div class=\"separator\" style=\"clear: both; text-align: center;\">\n<a href=\"https:\/\/1.bp.blogspot.com\/-hDYNJ4Vn7zs\/W4saKAMfwtI\/AAAAAAAA5QI\/5eH_r0YxP_MUpBR-JNwBAK7gCuR2ejL8gCLcBGAs\/s1600\/fagner.jpeg\" imageanchor=\"1\" style=\"margin-left: 1em; margin-right: 1em;\"><img loading=\"lazy\" decoding=\"async\" border=\"0\" data-original-height=\"400\" data-original-width=\"660\" height=\"386\" src=\"http:\/\/blogdoedvaldomagalhaes.com.br\/wp-content\/uploads\/2018\/09\/fagner.jpeg\" width=\"640\" \/><\/a><\/div>\n<p><\/p>\n<div style=\"text-align: justify;\">\nTeatro lotado, clima de muita alegria e esperan\u00e7a numa pol\u00edtica s\u00e9ria. Assim foi a noite dessa sexta-feira(31), no Teatro Jo\u00e3o Lyra Filho, durante apresenta\u00e7\u00e3o oficial dos candidatos que ser\u00e3o apoiados pelo vereador Fagner Fernandes (Avante), nas elei\u00e7\u00f5es 2018.<\/div>\n<div style=\"text-align: justify;\">\n<\/div>\n<div style=\"text-align: justify;\">\nEstiveram presentes no momento o deputado estadual S\u00edlvio Costa Filho(PRB), candidato a deputado Federal e Jo\u00e3o Paulo Costa(Avante) , que disputa pela primeira vez uma vaga na Assembleia Legislativa de Pernambuco (Alepe).<\/div>\n<div style=\"text-align: justify;\">\n<\/div>\n<div style=\"text-align: justify;\">\nNa oportunidade S\u00edlvio Costa Filho p\u00f4de apresentar ao p\u00fablico presente suas propostas a n\u00edvel de Caruaru e garantiu representar a n\u00edvel nacional a causa animal. \u201cInicialmente asseguro j\u00e1 pra o primeiro ano de mandato, 150 mil reais em emendas, pra realiza\u00e7\u00e3o de um sonho, o castra m\u00f3vel para atender Caruaru e cidades vizinhas. Tamb\u00e9m quero que a pauta da causa animal seja discutida permanentemente, em n\u00edvel de interior do estado, de forma a fortalecer a bandeira e d\u00e1 vez e voz a uma luta t\u00e3o nobre\u201d, destacou S\u00edlvio.<\/div>\n<div style=\"text-align: justify;\">\n<\/div>\n<div style=\"text-align: justify;\">\nPara Fagner Fernandes, antes de pensar se o candidato \u00e9 daqui, temos que acreditar no novo. \u201cEu acredito no grupo que estou apoiando, sei que eles n\u00e3o v\u00e3o s\u00f3 defender a causa animal, mas tamb\u00e9m as minorias, a exemplo das crian\u00e7as em estado de vulnerabilidade, portadores de c\u00e2ncer, dentre tantas outras. Como voc\u00eas acreditaram me elegendo para vereador, pe\u00e7o mais esse voto de confian\u00e7a\u201d, pontuou.<\/div>\n<div style=\"text-align: justify;\">\n<\/div>\n","protected":false},"excerpt":{"rendered":"<p>Teatro lotado, clima de muita alegria e esperan\u00e7a numa pol\u00edtica s\u00e9ria. Assim foi a noite dessa sexta-feira(31), no Teatro Jo\u00e3o&hellip;<\/p>\n","protected":false},"author":1,"featured_media":0,"comment_status":"open","ping_status":"open","sticky":false,"template":"","format":"standard","meta":{"footnotes":""},"categories":[1],"tags":[2,20,1397],"class_list":["post-1415","post","type-post","status-publish","format-standard","hentry","category-sem-categoria","tag-blog-do-edvaldo-magalhaes","tag-politica","tag-vereador-fagner-fernandes-apresenta-seus-candidatos-para-eleicoes-2018"],"_links":{"self":[{"href":"https:\/\/blogdoedvaldomagalhaes.com.br\/index.php\/wp-json\/wp\/v2\/posts\/1415","targetHints":{"allow":["GET"]}}],"collection":[{"href":"https:\/\/blogdoedvaldomagalhaes.com.br\/index.php\/wp-json\/wp\/v2\/posts"}],"about":[{"href":"https:\/\/blogdoedvaldomagalhaes.com.br\/index.php\/wp-json\/wp\/v2\/types\/post"}],"author":[{"embeddable":true,"href":"https:\/\/blogdoedvaldomagalhaes.com.br\/index.php\/wp-json\/wp\/v2\/users\/1"}],"replies":[{"embeddable":true,"href":"https:\/\/blogdoedvaldomagalhaes.com.br\/index.php\/wp-json\/wp\/v2\/comments?post=1415"}],"version-history":[{"count":1,"href":"https:\/\/blogdoedvaldomagalhaes.com.br\/index.php\/wp-json\/wp\/v2\/posts\/1415\/revisions"}],"predecessor-version":[{"id":33797,"href":"https:\/\/blogdoedvaldomagalhaes.com.br\/index.php\/wp-json\/wp\/v2\/posts\/1415\/revisions\/33797"}],"wp:attachment":[{"href":"https:\/\/blogdoedvaldomagalhaes.com.br\/index.php\/wp-json\/wp\/v2\/media?parent=1415"}],"wp:term":[{"taxonomy":"category","embeddable":true,"href":"https:\/\/blogdoedvaldomagalhaes.com.br\/index.php\/wp-json\/wp\/v2\/categories?post=1415"},{"taxonomy":"post_tag","embeddable":true,"href":"https:\/\/blogdoedvaldomagalhaes.com.br\/index.php\/wp-json\/wp\/v2\/tags?post=1415"}],"curies":[{"name":"wp","href":"https:\/\/api.w.org\/{rel}","templated":true}]}}