{"id":1414,"date":"2018-09-01T23:49:00","date_gmt":"2018-09-02T02:49:00","guid":{"rendered":"http:\/\/blogdoedvaldomagalhaes.com.br\/index.php\/2018\/09\/01\/casal-rubem-e-gilvania-aquino-recebe\/"},"modified":"2019-02-09T02:29:46","modified_gmt":"2019-02-09T04:29:46","slug":"casal-rubem-e-gilvania-aquino-recebe","status":"publish","type":"post","link":"https:\/\/blogdoedvaldomagalhaes.com.br\/index.php\/2018\/09\/01\/casal-rubem-e-gilvania-aquino-recebe\/","title":{"rendered":"Casal Rubem e Gilv\u00e2nia Aquino recebe T\u00edtulo de Cidadania Caruaruense"},"content":{"rendered":"<div class=\"separator\" style=\"clear: both; text-align: center;\">\n<a href=\"https:\/\/3.bp.blogspot.com\/-zjMnwur0DEY\/W4skWAJf5bI\/AAAAAAAA5QU\/2pNWDupjAvgMSttExL1bjQTtWgtqnHtiwCLcBGAs\/s1600\/4.jpg\" imageanchor=\"1\" style=\"margin-left: 1em; margin-right: 1em;\"><img loading=\"lazy\" decoding=\"async\" border=\"0\" data-original-height=\"675\" data-original-width=\"960\" height=\"450\" src=\"http:\/\/blogdoedvaldomagalhaes.com.br\/wp-content\/uploads\/2018\/09\/4.jpg\" width=\"640\" \/><\/a><\/div>\n<div class=\"separator\" style=\"clear: both; text-align: center;\">\nFotos: Vladimir Barreto Rodrigues<\/div>\n<p><\/p>\n<div class=\"separator\" style=\"clear: both; text-align: center;\">\n<a href=\"https:\/\/3.bp.blogspot.com\/-mlAcpM4XG7k\/W4skXUzl43I\/AAAAAAAA5QY\/FNSqwvEosacHS6RYpOJpsv1jRn6B_Br9wCLcBGAs\/s1600\/3.jpg\" imageanchor=\"1\" style=\"margin-left: 1em; margin-right: 1em;\"><img loading=\"lazy\" decoding=\"async\" border=\"0\" data-original-height=\"675\" data-original-width=\"960\" height=\"450\" src=\"http:\/\/blogdoedvaldomagalhaes.com.br\/wp-content\/uploads\/2018\/09\/3.jpg\" width=\"640\" \/><\/a><\/div>\n<p><\/p>\n<div class=\"separator\" style=\"clear: both; text-align: center;\">\n<a href=\"https:\/\/1.bp.blogspot.com\/-0MU_E5LXZpE\/W4skYdtpp1I\/AAAAAAAA5Qc\/9Lo1GRmDwpEY8pRSItF_z1mgnGyiTD27QCLcBGAs\/s1600\/5.jpg\" imageanchor=\"1\" style=\"margin-left: 1em; margin-right: 1em;\"><img loading=\"lazy\" decoding=\"async\" border=\"0\" data-original-height=\"675\" data-original-width=\"960\" height=\"450\" src=\"http:\/\/blogdoedvaldomagalhaes.com.br\/wp-content\/uploads\/2018\/09\/5.jpg\" width=\"640\" \/><\/a><\/div>\n<p><\/p>\n<div class=\"separator\" style=\"clear: both; text-align: center;\">\n<a href=\"https:\/\/4.bp.blogspot.com\/-7uLkTAJGDmc\/W4skZOdeOhI\/AAAAAAAA5Qg\/TBeSNdYXHhci66jmeaMaUYp-ZFduxWvuACLcBGAs\/s1600\/2.jpg\" imageanchor=\"1\" style=\"margin-left: 1em; margin-right: 1em;\"><img loading=\"lazy\" decoding=\"async\" border=\"0\" data-original-height=\"675\" data-original-width=\"960\" height=\"450\" src=\"http:\/\/blogdoedvaldomagalhaes.com.br\/wp-content\/uploads\/2018\/09\/2.jpg\" width=\"640\" \/><\/a><\/div>\n<p><\/p>\n<div class=\"separator\" style=\"clear: both; text-align: center;\">\n<a href=\"https:\/\/4.bp.blogspot.com\/-wBdGHOeuKsw\/W4skZ2hS71I\/AAAAAAAA5Qk\/aRQqBemYgaIV2_zpXtJnjZLFaJZtoADcQCLcBGAs\/s1600\/1.jpg\" imageanchor=\"1\" style=\"margin-left: 1em; margin-right: 1em;\"><img loading=\"lazy\" decoding=\"async\" border=\"0\" data-original-height=\"675\" data-original-width=\"960\" height=\"450\" src=\"http:\/\/blogdoedvaldomagalhaes.com.br\/wp-content\/uploads\/2018\/09\/1.jpg\" width=\"640\" \/><\/a><\/div>\n<p><\/p>\n<div style=\"text-align: justify;\">\nNa noite dessa sexta-feira (31), o casal Jos\u00e9 Rubem Lins de Aquino e Gilv\u00e2nia Bezerra de Aquino, receberam o T\u00edtulo Honor\u00edfico de Cidadania Caruaruense, pelos relevantes e inestim\u00e1veis servi\u00e7os prestados ao Munic\u00edpio de Caruaru. A Sess\u00e3o Solene foi presidida pelo vereador Lula Torres (PSDB), e a propositura foi vereador Bruno Lambreta (PDT).<\/p>\n<p>Rubem Aqui \u00e9 natural de Ouricuri-PE, e Gilv\u00e2nia Aquino \u00e9 natural de Juazeiro do Norte no Cear\u00e1. O casal reside em Caruaru desde 1962.<\/p>\n<p>Estiveram presentes familiares, amigos e membros do Grupo Santa Teresa D&#8217;\u00c1vila, onde o casal faz parte.<\/p><\/div>\n","protected":false},"excerpt":{"rendered":"<p>Fotos: Vladimir Barreto Rodrigues Na noite dessa sexta-feira (31), o casal Jos\u00e9 Rubem Lins de Aquino e Gilv\u00e2nia Bezerra de&hellip;<\/p>\n","protected":false},"author":1,"featured_media":0,"comment_status":"open","ping_status":"open","sticky":false,"template":"","format":"standard","meta":{"footnotes":""},"categories":[1],"tags":[1395,1396,20],"class_list":["post-1414","post","type-post","status-publish","format-standard","hentry","category-sem-categoria","tag-blog-do-magalhaes","tag-casal-rubem-e-gilvania-aquino-recebe-titulo-de-cidadania-caruaruense","tag-politica"],"_links":{"self":[{"href":"https:\/\/blogdoedvaldomagalhaes.com.br\/index.php\/wp-json\/wp\/v2\/posts\/1414","targetHints":{"allow":["GET"]}}],"collection":[{"href":"https:\/\/blogdoedvaldomagalhaes.com.br\/index.php\/wp-json\/wp\/v2\/posts"}],"about":[{"href":"https:\/\/blogdoedvaldomagalhaes.com.br\/index.php\/wp-json\/wp\/v2\/types\/post"}],"author":[{"embeddable":true,"href":"https:\/\/blogdoedvaldomagalhaes.com.br\/index.php\/wp-json\/wp\/v2\/users\/1"}],"replies":[{"embeddable":true,"href":"https:\/\/blogdoedvaldomagalhaes.com.br\/index.php\/wp-json\/wp\/v2\/comments?post=1414"}],"version-history":[{"count":1,"href":"https:\/\/blogdoedvaldomagalhaes.com.br\/index.php\/wp-json\/wp\/v2\/posts\/1414\/revisions"}],"predecessor-version":[{"id":33803,"href":"https:\/\/blogdoedvaldomagalhaes.com.br\/index.php\/wp-json\/wp\/v2\/posts\/1414\/revisions\/33803"}],"wp:attachment":[{"href":"https:\/\/blogdoedvaldomagalhaes.com.br\/index.php\/wp-json\/wp\/v2\/media?parent=1414"}],"wp:term":[{"taxonomy":"category","embeddable":true,"href":"https:\/\/blogdoedvaldomagalhaes.com.br\/index.php\/wp-json\/wp\/v2\/categories?post=1414"},{"taxonomy":"post_tag","embeddable":true,"href":"https:\/\/blogdoedvaldomagalhaes.com.br\/index.php\/wp-json\/wp\/v2\/tags?post=1414"}],"curies":[{"name":"wp","href":"https:\/\/api.w.org\/{rel}","templated":true}]}}