{"id":1413,"date":"2018-09-02T00:20:00","date_gmt":"2018-09-02T03:20:00","guid":{"rendered":"http:\/\/blogdoedvaldomagalhaes.com.br\/index.php\/2018\/09\/02\/uniao-dos-caminhoneiros-promete-nova\/"},"modified":"2019-02-09T02:29:46","modified_gmt":"2019-02-09T04:29:46","slug":"uniao-dos-caminhoneiros-promete-nova","status":"publish","type":"post","link":"https:\/\/blogdoedvaldomagalhaes.com.br\/index.php\/2018\/09\/02\/uniao-dos-caminhoneiros-promete-nova\/","title":{"rendered":"Uni\u00e3o dos Caminhoneiros promete nova greve da categoria em 10 dias"},"content":{"rendered":"<div class=\"separator\" style=\"clear: both; text-align: center;\">\n<a href=\"https:\/\/1.bp.blogspot.com\/-bRYoLt1B8pw\/W4srLbm_PJI\/AAAAAAAA5RA\/8WIKuC6aaBwfvzmYXG9G16uXoVQRJQMLQCLcBGAs\/s1600\/agencia.jpg\" imageanchor=\"1\" style=\"margin-left: 1em; margin-right: 1em;\"><img loading=\"lazy\" decoding=\"async\" border=\"0\" data-original-height=\"683\" data-original-width=\"1024\" height=\"426\" src=\"http:\/\/blogdoedvaldomagalhaes.com.br\/wp-content\/uploads\/2018\/09\/agencia.jpg\" width=\"640\" \/><\/a><\/div>\n<div class=\"separator\" style=\"clear: both; text-align: center;\">\nFoto: T\u00e2nia R\u00eago\/Ag\u00eancia Brasil<\/div>\n<div class=\"separator\" style=\"clear: both; text-align: center;\">\n<\/div>\n<div class=\"separator\" style=\"clear: both; text-align: left;\">\n<b>Da Revista F\u00f3rum<\/b><\/div>\n<div class=\"separator\" style=\"clear: both; text-align: left;\">\n<\/div>\n<div class=\"separator\" style=\"clear: both; text-align: justify;\">\nA Uni\u00e3o dos Caminhoneiros do Brasil (UDC-Brasil), soltou um comunicado na \u00faltima quinta-feira (30), informando que \u201cdentro de 10 dias far\u00e1 uma mobiliza\u00e7\u00e3o nacional paralisando por tempo indeterminado com o \u00fanico objetivo de chamar a aten\u00e7\u00e3o do governo federal pelo n\u00e3o estabelecimento e n\u00e3o cumprimento da fiscaliza\u00e7\u00e3o da ANTT (Ag\u00eancia Nacional de Transportes Terrestres) e a devida e prometida ampla divulga\u00e7\u00e3o dos pontos de fiscaliza\u00e7\u00e3o como prev\u00ea a Lei 13.703\u201d.<\/div>\n<div class=\"separator\" style=\"clear: both; text-align: justify;\">\n<\/div>\n<div class=\"separator\" style=\"clear: both; text-align: justify;\">\nA entidade justifica a paralisa\u00e7\u00e3o dizendo que a falta de fiscaliza\u00e7\u00e3o e atitudes pr\u00e1ticas por parte do \u00f3rg\u00e3o governamental t\u00eam trazido enormes preju\u00edzos aos caminhoneiros aut\u00f4nomos do pais. \u201cA ANTT n\u00e3o instituiu uma fiscaliza\u00e7\u00e3o eficaz na primeira tabela da Resolu\u00e7\u00e3o 5.820 (que estabeleceu os pre\u00e7os m\u00ednimos dos fretes) e j\u00e1 est\u00e1 \u00e0s voltas com outro aumento do diesel\u201d.<\/div>\n<div class=\"separator\" style=\"clear: both; text-align: justify;\">\n<\/div>\n<div class=\"separator\" style=\"clear: both; text-align: justify;\">\nUma das exig\u00eancias dos caminhoneiros \u00e9 a dissolu\u00e7\u00e3o da atual diretoria da ANTT. Al\u00e9m disso, os transportadores tamb\u00e9m pleiteiam uma vaga por estado no conselho da ag\u00eancia reguladora do transporte no pa\u00eds.<\/div>\n<div class=\"separator\" style=\"clear: both; text-align: justify;\">\n<\/div>\n<div class=\"separator\" style=\"clear: both; text-align: center;\">\n<a href=\"https:\/\/1.bp.blogspot.com\/-ht4LwctXTuc\/W4xOCFtWFFI\/AAAAAAAA5U4\/UOGVleGwSbIqkLIe6jI41FkR7U42zl6QACLcBGAs\/s1600\/IMG-20180902-WA0202.jpg\" imageanchor=\"1\" style=\"margin-left: 1em; margin-right: 1em;\"><img loading=\"lazy\" decoding=\"async\" border=\"0\" data-original-height=\"960\" data-original-width=\"671\" height=\"640\" src=\"http:\/\/blogdoedvaldomagalhaes.com.br\/wp-content\/uploads\/2018\/09\/IMG-20180902-WA0202.jpg\" width=\"446\" \/><\/a><\/div>\n<div class=\"separator\" style=\"clear: both; text-align: justify;\">\n<\/div>\n<div class=\"separator\" style=\"clear: both; text-align: justify;\">\nA Abcam, entidade que re\u00fane os motoristas aut\u00f4nomos, disse nessa sexta-feira (31), que pretende se reunir com o governo para discutir o tema e que &#8220;far\u00e1 o poss\u00edvel para evitar nova paralisa\u00e7\u00e3o &#8221; da categoria.<\/div>\n<div class=\"separator\" style=\"clear: both; text-align: justify;\">\n<\/div>\n<div class=\"separator\" style=\"clear: both; text-align: justify;\">\n<b>Nota \u00e0 imprensa &#8211; Combust\u00edveis<\/b><\/div>\n<div class=\"separator\" style=\"clear: both; text-align: justify;\">\n<\/div>\n<div class=\"separator\" style=\"clear: both; text-align: justify;\">\nA Secretaria de Justi\u00e7a e Direitos Humanos (SJDH) e o Procon\/PE informam que na pr\u00f3xima segunda-feira (03\/09) estar\u00e3o notificando a empresa *PetroMega a prestar esclarecimentos* quanto a nota veiculada em suas redes sociais neste s\u00e1bado. O informativo, sem qualquer fundamenta\u00e7\u00e3o, alerta de forma irrespons\u00e1vel a popula\u00e7\u00e3o quanto \u00e0 possibilidade de paralisa\u00e7\u00e3o no abastecimento de combust\u00edveis no estado.<\/div>\n<div class=\"separator\" style=\"clear: both; text-align: justify;\">\n<\/div>\n<div class=\"separator\" style=\"clear: both; text-align: justify;\">\n<\/div>\n<div class=\"separator\" style=\"clear: both; text-align: justify;\">\nA SJDH esclarece, ainda, que provocar alarme, anunciando perigo inexistente, ou praticar qualquer ato capaz de produzir p\u00e2nico ou tumulto \u00e9 crime previsto no Art. 41, da Lei de Contraven\u00e7\u00f5es Penais (LCP), sob pena de pris\u00e3o simples, de quinze dias a seis meses, ou multa.<\/div>\n<div class=\"separator\" style=\"clear: both; text-align: justify;\">\n<\/div>\n<div class=\"separator\" style=\"clear: both; text-align: justify;\">\n<b>Impactos da greve dos caminhoneiros em maio<\/b><\/div>\n<div class=\"separator\" style=\"clear: both; text-align: justify;\">\n<\/div>\n<div class=\"separator\" style=\"clear: both; text-align: justify;\">\nA greve dos caminhoneiros teve forte impacto sobre a economia brasileira. Segundo o Instituto Brasileiro de Geografia e Estat\u00edstica (IBGE), a produ\u00e7\u00e3o industrial encolheu 11% em maio, comparativamente a abril. E em rela\u00e7\u00e3o ao mesmo m\u00eas de 2017, a retra\u00e7\u00e3o foi de 6,6%. As vendas no varejo se retra\u00edram 5,1% se comparadas a abril.<\/div>\n<div class=\"separator\" style=\"clear: both; text-align: justify;\">\n<\/div>\n<div class=\"separator\" style=\"clear: both; text-align: justify;\">\nA paralisa\u00e7\u00e3o dos caminhoneiros foi um dos fatores que contribuiu para o fraco desempenho do PIB no segundo trimestre, que teve um crescimento de 0,2% em rela\u00e7\u00e3o ao primeiro e de 1% em rela\u00e7\u00e3o ao mesmo per\u00edodo de 2017.<\/div>\n<div class=\"separator\" style=\"clear: both; text-align: justify;\">\n<\/div>\n<div class=\"separator\" style=\"clear: both; text-align: justify;\">\nOs dois setores mais afetados pela paralisa\u00e7\u00e3o dos caminhoneiros foram os que apresentaram maior retra\u00e7\u00e3o: a ind\u00fastria de transforma\u00e7\u00e3o recuou 0,8%, enquanto servi\u00e7os de transporte, armazenamento e correios recuaram 1,4%, ambos na varia\u00e7\u00e3o trimestral dessazonalizada.<\/div>\n","protected":false},"excerpt":{"rendered":"<p>Foto: T\u00e2nia R\u00eago\/Ag\u00eancia Brasil Da Revista F\u00f3rum A Uni\u00e3o dos Caminhoneiros do Brasil (UDC-Brasil), soltou um comunicado na \u00faltima quinta-feira&hellip;<\/p>\n","protected":false},"author":1,"featured_media":0,"comment_status":"open","ping_status":"open","sticky":false,"template":"","format":"standard","meta":{"footnotes":""},"categories":[1],"tags":[2,6,1394],"class_list":["post-1413","post","type-post","status-publish","format-standard","hentry","category-sem-categoria","tag-blog-do-edvaldo-magalhaes","tag-noticias","tag-uniao-dos-caminhoneiros-promete-nova-greve-da-categoria-em-10-dias"],"_links":{"self":[{"href":"https:\/\/blogdoedvaldomagalhaes.com.br\/index.php\/wp-json\/wp\/v2\/posts\/1413","targetHints":{"allow":["GET"]}}],"collection":[{"href":"https:\/\/blogdoedvaldomagalhaes.com.br\/index.php\/wp-json\/wp\/v2\/posts"}],"about":[{"href":"https:\/\/blogdoedvaldomagalhaes.com.br\/index.php\/wp-json\/wp\/v2\/types\/post"}],"author":[{"embeddable":true,"href":"https:\/\/blogdoedvaldomagalhaes.com.br\/index.php\/wp-json\/wp\/v2\/users\/1"}],"replies":[{"embeddable":true,"href":"https:\/\/blogdoedvaldomagalhaes.com.br\/index.php\/wp-json\/wp\/v2\/comments?post=1413"}],"version-history":[{"count":1,"href":"https:\/\/blogdoedvaldomagalhaes.com.br\/index.php\/wp-json\/wp\/v2\/posts\/1413\/revisions"}],"predecessor-version":[{"id":33806,"href":"https:\/\/blogdoedvaldomagalhaes.com.br\/index.php\/wp-json\/wp\/v2\/posts\/1413\/revisions\/33806"}],"wp:attachment":[{"href":"https:\/\/blogdoedvaldomagalhaes.com.br\/index.php\/wp-json\/wp\/v2\/media?parent=1413"}],"wp:term":[{"taxonomy":"category","embeddable":true,"href":"https:\/\/blogdoedvaldomagalhaes.com.br\/index.php\/wp-json\/wp\/v2\/categories?post=1413"},{"taxonomy":"post_tag","embeddable":true,"href":"https:\/\/blogdoedvaldomagalhaes.com.br\/index.php\/wp-json\/wp\/v2\/tags?post=1413"}],"curies":[{"name":"wp","href":"https:\/\/api.w.org\/{rel}","templated":true}]}}