{"id":1412,"date":"2018-09-02T11:36:00","date_gmt":"2018-09-02T14:36:00","guid":{"rendered":"http:\/\/blogdoedvaldomagalhaes.com.br\/index.php\/2018\/09\/02\/postagem-da-petromega-nas-redes-sociais\/"},"modified":"2019-02-09T02:29:46","modified_gmt":"2019-02-09T04:29:46","slug":"postagem-da-petromega-nas-redes-sociais","status":"publish","type":"post","link":"https:\/\/blogdoedvaldomagalhaes.com.br\/index.php\/2018\/09\/02\/postagem-da-petromega-nas-redes-sociais\/","title":{"rendered":"Postagem da PetroMega nas redes sociais sobre poss\u00edvel greve dos caminhoneiros provoca filas enormes nos postos"},"content":{"rendered":"<div class=\"separator\" style=\"clear: both; text-align: center;\">\n<a href=\"https:\/\/2.bp.blogspot.com\/-dEOLBVDtE1k\/W4vJOtx1zqI\/AAAAAAAA5RU\/-cLYMupLy-wj_pqgUOyO4cTwPCD7XLDKACLcBGAs\/s1600\/posto.jpg\" imageanchor=\"1\" style=\"margin-left: 1em; margin-right: 1em;\"><img loading=\"lazy\" decoding=\"async\" border=\"0\" data-original-height=\"295\" data-original-width=\"500\" height=\"376\" src=\"http:\/\/blogdoedvaldomagalhaes.com.br\/wp-content\/uploads\/2018\/09\/posto.jpg\" width=\"640\" \/><\/a><\/div>\n<div class=\"separator\" style=\"clear: both; text-align: center;\">\nFoto: Reprodu\u00e7\u00e3o\/WhatsApp<\/div>\n<div style=\"background-color: white; box-sizing: border-box; line-height: 24px; margin-bottom: 10px; text-align: justify;\">\n<\/div>\n<div style=\"background-color: white; box-sizing: border-box; line-height: 24px; margin-bottom: 10px; text-align: justify;\">\nUma postagem da rede de postos PetroMega nas redes sociais sobre uma poss\u00edvel greve dos caminhoneiros provocou uma corrida aos postos de combust\u00edveis em v\u00e1rias cidades de Pernambuco. Longas filas de ve\u00edculos esperando para abastecer foram encontradas em postos de combust\u00edveis, na noite deste s\u00e1bado (01), em Recife e Caruaru. A rede de posto utilizou o Instagram, por volta das 16h, dizendo haver &#8220;fortes evid\u00eancias&#8221; de uma nova paralisa\u00e7\u00e3o da paralisa\u00e7\u00e3o dos caminhoneiros, o que provocaria o desabastecimento dos postos j\u00e1 a partir da madrugada de hoje. A postagem e um \u00e1udio se espalharam em v\u00e1rios grupos de WhatsApp, e duas horas ap\u00f3s a postagem, v\u00e1rias filas formadas em v\u00e1rios postos de combust\u00edveis.<\/div>\n<div style=\"background-color: white; box-sizing: border-box; line-height: 24px; margin-bottom: 10px; text-align: justify;\">\nDe acordo com nota divulgada pela Uni\u00e3o dos Caminhoneiros do Brasil (UDC), caminhoneiros da entidade pretendem fazer uma mobiliza\u00e7\u00e3o em todo o Pa\u00eds ap\u00f3s o feriado de 7 de Setembro. A UDC acusa o governo de n\u00e3o ter cumprido o prometido em rela\u00e7\u00e3o ao pre\u00e7o do diesel, que teve reajuste de 13%.<\/div>\n<div style=\"background-color: white; box-sizing: border-box; line-height: 24px; margin-bottom: 10px; text-align: justify;\">\nA Secretaria de Justi\u00e7a e Direitos Humanos e o Procon de Pernambuco informam que na pr\u00f3xima segunda-feira (03) estar\u00e3o notificando a empresa PetroMega a prestar esclarecimentos quanto a nota veiculada em suas redes sociais neste s\u00e1bado. O informativo, sem qualquer fundamenta\u00e7\u00e3o, alerta de forma irrespons\u00e1vel a popula\u00e7\u00e3o quanto \u00e0 possibilidade de paralisa\u00e7\u00e3o no abastecimento de combust\u00edveis no Estado.<\/div>\n","protected":false},"excerpt":{"rendered":"<p>Foto: Reprodu\u00e7\u00e3o\/WhatsApp Uma postagem da rede de postos PetroMega nas redes sociais sobre uma poss\u00edvel greve dos caminhoneiros provocou uma&hellip;<\/p>\n","protected":false},"author":1,"featured_media":0,"comment_status":"open","ping_status":"open","sticky":false,"template":"","format":"standard","meta":{"footnotes":""},"categories":[1],"tags":[2,1393],"class_list":["post-1412","post","type-post","status-publish","format-standard","hentry","category-sem-categoria","tag-blog-do-edvaldo-magalhaes","tag-postagem-da-petromega-nas-redes-sociais-sobre-possivel-greve-dos-caminhoneiros-provoca-filas-enormes-nos-postos"],"_links":{"self":[{"href":"https:\/\/blogdoedvaldomagalhaes.com.br\/index.php\/wp-json\/wp\/v2\/posts\/1412","targetHints":{"allow":["GET"]}}],"collection":[{"href":"https:\/\/blogdoedvaldomagalhaes.com.br\/index.php\/wp-json\/wp\/v2\/posts"}],"about":[{"href":"https:\/\/blogdoedvaldomagalhaes.com.br\/index.php\/wp-json\/wp\/v2\/types\/post"}],"author":[{"embeddable":true,"href":"https:\/\/blogdoedvaldomagalhaes.com.br\/index.php\/wp-json\/wp\/v2\/users\/1"}],"replies":[{"embeddable":true,"href":"https:\/\/blogdoedvaldomagalhaes.com.br\/index.php\/wp-json\/wp\/v2\/comments?post=1412"}],"version-history":[{"count":1,"href":"https:\/\/blogdoedvaldomagalhaes.com.br\/index.php\/wp-json\/wp\/v2\/posts\/1412\/revisions"}],"predecessor-version":[{"id":33808,"href":"https:\/\/blogdoedvaldomagalhaes.com.br\/index.php\/wp-json\/wp\/v2\/posts\/1412\/revisions\/33808"}],"wp:attachment":[{"href":"https:\/\/blogdoedvaldomagalhaes.com.br\/index.php\/wp-json\/wp\/v2\/media?parent=1412"}],"wp:term":[{"taxonomy":"category","embeddable":true,"href":"https:\/\/blogdoedvaldomagalhaes.com.br\/index.php\/wp-json\/wp\/v2\/categories?post=1412"},{"taxonomy":"post_tag","embeddable":true,"href":"https:\/\/blogdoedvaldomagalhaes.com.br\/index.php\/wp-json\/wp\/v2\/tags?post=1412"}],"curies":[{"name":"wp","href":"https:\/\/api.w.org\/{rel}","templated":true}]}}