{"id":1411,"date":"2018-09-02T15:39:00","date_gmt":"2018-09-02T18:39:00","guid":{"rendered":"http:\/\/blogdoedvaldomagalhaes.com.br\/index.php\/2018\/09\/02\/combustiveis-mais-caros-apos-divulgacao\/"},"modified":"2019-02-09T02:29:47","modified_gmt":"2019-02-09T04:29:47","slug":"combustiveis-mais-caros-apos-divulgacao","status":"publish","type":"post","link":"https:\/\/blogdoedvaldomagalhaes.com.br\/index.php\/2018\/09\/02\/combustiveis-mais-caros-apos-divulgacao\/","title":{"rendered":"Combust\u00edveis mais caros ap\u00f3s divulga\u00e7\u00e3o de poss\u00edvel greve dos caminhoneiros e longas filas nos postos"},"content":{"rendered":"<div class=\"separator\" style=\"clear: both; text-align: center;\">\n<a href=\"https:\/\/1.bp.blogspot.com\/-VAaDdMCCEPg\/W4wDwZTSAkI\/AAAAAAAA5TM\/bYfolFH7YWAHFVCDpbPFbK_m8KtRVAweACLcBGAs\/s1600\/20180902_121423.jpg\" imageanchor=\"1\" style=\"margin-left: 1em; margin-right: 1em;\"><img loading=\"lazy\" decoding=\"async\" border=\"0\" data-original-height=\"900\" data-original-width=\"1600\" height=\"360\" src=\"http:\/\/blogdoedvaldomagalhaes.com.br\/wp-content\/uploads\/2018\/09\/20180902_121423.jpg\" width=\"640\" \/><\/a><\/div>\n<p><\/p>\n<div style=\"text-align: justify;\">\nOs postos de combust\u00edveis reajustaram os pre\u00e7os dos combust\u00edveis na noite desse s\u00e1bado (02), ap\u00f3s a divulga\u00e7\u00e3o de uma poss\u00edvel greve dos caminhoneiros. A equipe do Blog abasteceu na manh\u00e3 ontem (02), no posto da foto acima por R$ 4,149 e na manh\u00e3 hoje (03) voltou ao posto onde a gasolina est\u00e1 por R$ 4,329. Tem posto em Caruaru cobrando R$ 4,799 pelo litro da gasolina.<\/div>\n<p><\/p>\n<div class=\"separator\" style=\"clear: both; text-align: center;\">\n<a href=\"https:\/\/4.bp.blogspot.com\/-NbbbPlwiIEw\/W4wD1F92vAI\/AAAAAAAA5TQ\/cYt6RnAJUKIomxjUwIlZ65xSjaHILfT0wCLcBGAs\/s1600\/20180902_120951.jpg\" imageanchor=\"1\" style=\"margin-left: 1em; margin-right: 1em;\"><img loading=\"lazy\" decoding=\"async\" border=\"0\" data-original-height=\"900\" data-original-width=\"1600\" height=\"360\" src=\"http:\/\/blogdoedvaldomagalhaes.com.br\/wp-content\/uploads\/2018\/09\/20180902_120951.jpg\" width=\"640\" \/><\/a><\/div>\n<p><\/p>\n<div style=\"text-align: justify;\">\nO Procon (entidade de defesa do consumidor) est\u00e1 orientando motoristas a denunciarem postos de gasolina que aumentaram o pre\u00e7o de forma abusiva. Os motoristas que se sentirem prejudicados, podem ir ao Procon, com a Nota Fiscal do abastecimento e denunciar o posto que reajustou o pre\u00e7o. &#8220;A pr\u00e1tica de pre\u00e7os abusivos descumpre os incisos V e X do artigo 39 do C\u00f3digo de Defesa do Consumidor, que pro\u00edbe exigir do consumidor vantagem excessiva e elevar sem justa causa o pre\u00e7o de produtos ou servi\u00e7os&#8221;, segundo o Procon-PE.<\/div>\n<div style=\"text-align: justify;\">\n<\/div>\n<div class=\"separator\" style=\"clear: both; text-align: center;\">\n<a href=\"https:\/\/4.bp.blogspot.com\/-RGPEKU1A4Q0\/W4wD3zqNABI\/AAAAAAAA5TU\/s_oVheOy7EUCIRrf4IwnzJjrBHy8QNbMACLcBGAs\/s1600\/20180902_120958.jpg\" imageanchor=\"1\" style=\"margin-left: 1em; margin-right: 1em;\"><img loading=\"lazy\" decoding=\"async\" border=\"0\" data-original-height=\"900\" data-original-width=\"1600\" height=\"360\" src=\"http:\/\/blogdoedvaldomagalhaes.com.br\/wp-content\/uploads\/2018\/09\/20180902_120958.jpg\" width=\"640\" \/><\/a><\/div>\n<p><\/p>\n","protected":false},"excerpt":{"rendered":"<p>Os postos de combust\u00edveis reajustaram os pre\u00e7os dos combust\u00edveis na noite desse s\u00e1bado (02), ap\u00f3s a divulga\u00e7\u00e3o de uma poss\u00edvel&hellip;<\/p>\n","protected":false},"author":1,"featured_media":0,"comment_status":"open","ping_status":"open","sticky":false,"template":"","format":"standard","meta":{"footnotes":""},"categories":[1],"tags":[2,1392,6],"class_list":["post-1411","post","type-post","status-publish","format-standard","hentry","category-sem-categoria","tag-blog-do-edvaldo-magalhaes","tag-combustiveis-mais-caros-apos-divulgacao-de-possivel-greve-dos-caminhoneiros-e-longas-filas-nos-postos","tag-noticias"],"_links":{"self":[{"href":"https:\/\/blogdoedvaldomagalhaes.com.br\/index.php\/wp-json\/wp\/v2\/posts\/1411","targetHints":{"allow":["GET"]}}],"collection":[{"href":"https:\/\/blogdoedvaldomagalhaes.com.br\/index.php\/wp-json\/wp\/v2\/posts"}],"about":[{"href":"https:\/\/blogdoedvaldomagalhaes.com.br\/index.php\/wp-json\/wp\/v2\/types\/post"}],"author":[{"embeddable":true,"href":"https:\/\/blogdoedvaldomagalhaes.com.br\/index.php\/wp-json\/wp\/v2\/users\/1"}],"replies":[{"embeddable":true,"href":"https:\/\/blogdoedvaldomagalhaes.com.br\/index.php\/wp-json\/wp\/v2\/comments?post=1411"}],"version-history":[{"count":1,"href":"https:\/\/blogdoedvaldomagalhaes.com.br\/index.php\/wp-json\/wp\/v2\/posts\/1411\/revisions"}],"predecessor-version":[{"id":33812,"href":"https:\/\/blogdoedvaldomagalhaes.com.br\/index.php\/wp-json\/wp\/v2\/posts\/1411\/revisions\/33812"}],"wp:attachment":[{"href":"https:\/\/blogdoedvaldomagalhaes.com.br\/index.php\/wp-json\/wp\/v2\/media?parent=1411"}],"wp:term":[{"taxonomy":"category","embeddable":true,"href":"https:\/\/blogdoedvaldomagalhaes.com.br\/index.php\/wp-json\/wp\/v2\/categories?post=1411"},{"taxonomy":"post_tag","embeddable":true,"href":"https:\/\/blogdoedvaldomagalhaes.com.br\/index.php\/wp-json\/wp\/v2\/tags?post=1411"}],"curies":[{"name":"wp","href":"https:\/\/api.w.org\/{rel}","templated":true}]}}