{"id":1410,"date":"2018-09-02T18:05:00","date_gmt":"2018-09-02T21:05:00","guid":{"rendered":"http:\/\/blogdoedvaldomagalhaes.com.br\/index.php\/2018\/09\/02\/miguel-ricardo-e-ptc-caruaru\/"},"modified":"2019-02-09T02:29:54","modified_gmt":"2019-02-09T04:29:54","slug":"miguel-ricardo-e-ptc-caruaru","status":"publish","type":"post","link":"https:\/\/blogdoedvaldomagalhaes.com.br\/index.php\/2018\/09\/02\/miguel-ricardo-e-ptc-caruaru\/","title":{"rendered":"Miguel Ricardo e PTC Caruaru inauguraram comit\u00ea"},"content":{"rendered":"<div style=\"background-color: white; border: 0px; margin-bottom: 1.5em; outline: 0px; padding: 0px; text-align: justify; vertical-align: baseline;\">\n<div class=\"separator\" style=\"clear: both; text-align: center;\">\n<a href=\"https:\/\/4.bp.blogspot.com\/-GFv9ss18Z2Q\/W4wl9b3JR7I\/AAAAAAAA5T0\/I_cNkFdyVYgJH9yWj9fXXTlWQjLv-pZQACLcBGAs\/s1600\/IMG-20180902-WA0161.jpg\" imageanchor=\"1\" style=\"margin-left: 1em; margin-right: 1em;\"><img loading=\"lazy\" decoding=\"async\" border=\"0\" data-original-height=\"774\" data-original-width=\"1032\" height=\"480\" src=\"http:\/\/blogdoedvaldomagalhaes.com.br\/wp-content\/uploads\/2018\/09\/IMG-20180902-WA0161.jpg\" width=\"640\" \/><\/a><\/div>\n<\/div>\n<div style=\"background-color: white; border: 0px; margin-bottom: 1.5em; outline: 0px; padding: 0px; text-align: justify; vertical-align: baseline;\">\nO candidato a deputado estadual, Miguel Ricardo, do PTB, inaugurou o comit\u00ea, nesse s\u00e1bado (1\u00ba), em espa\u00e7o que fica localizado na Rua Doutor Manoel Borba, n\u00ba 128, no centro de Caruaru, onde houve carros e motocicletas foram adesivados.<\/p>\n<div class=\"separator\" style=\"clear: both; text-align: center;\">\n<a href=\"https:\/\/4.bp.blogspot.com\/-IGMLk_zjmrg\/W4wmGA3OebI\/AAAAAAAA5T4\/jSGhX4xAdJkYFu6-WDeUGsCgYJcYSYB-wCLcBGAs\/s1600\/IMG-20180902-WA0159.jpg\" imageanchor=\"1\" style=\"margin-left: 1em; margin-right: 1em;\"><img loading=\"lazy\" decoding=\"async\" border=\"0\" data-original-height=\"774\" data-original-width=\"1032\" height=\"480\" src=\"http:\/\/blogdoedvaldomagalhaes.com.br\/wp-content\/uploads\/2018\/09\/IMG-20180902-WA0159.jpg\" width=\"640\" \/><\/a><\/div>\n<p><\/p>\n<div class=\"separator\" style=\"clear: both; text-align: center;\">\n<a href=\"https:\/\/2.bp.blogspot.com\/-7DDWJ5FEi_E\/W4wmKGwh5fI\/AAAAAAAA5T8\/i_a5_HtlK448AaJ3quzNvwuRnBVCQQJWQCLcBGAs\/s1600\/IMG-20180902-WA0160.jpg\" imageanchor=\"1\" style=\"margin-left: 1em; margin-right: 1em;\"><img loading=\"lazy\" decoding=\"async\" border=\"0\" data-original-height=\"780\" data-original-width=\"1040\" height=\"480\" src=\"http:\/\/blogdoedvaldomagalhaes.com.br\/wp-content\/uploads\/2018\/09\/IMG-20180902-WA0160.jpg\" width=\"640\" \/><\/a><\/div>\n<p><\/div>\n<div style=\"background-color: white; border: 0px; margin-bottom: 1.5em; outline: 0px; padding: 0px; text-align: justify; vertical-align: baseline;\">\nMiguel, que j\u00e1 vem sendo considerado uma das promissoras lideran\u00e7as pol\u00edticas jovens do Estado, o comit\u00ea disp\u00f5e de espa\u00e7o kids.<\/div>\n<div style=\"background-color: white; border: 0px; margin-bottom: 1.5em; outline: 0px; padding: 0px; text-align: justify; vertical-align: baseline;\">\n<div class=\"separator\" style=\"clear: both; text-align: center;\">\n<a href=\"https:\/\/2.bp.blogspot.com\/-Qqt684WuwFI\/W4wmSZZS5wI\/AAAAAAAA5UE\/XkymZc9b5DQ2uDB-6gTqhDxTzHI2-iooACLcBGAs\/s1600\/IMG-20180902-WA0162.jpg\" imageanchor=\"1\" style=\"margin-left: 1em; margin-right: 1em;\"><img loading=\"lazy\" decoding=\"async\" border=\"0\" data-original-height=\"1040\" data-original-width=\"780\" height=\"640\" src=\"http:\/\/blogdoedvaldomagalhaes.com.br\/wp-content\/uploads\/2018\/09\/IMG-20180902-WA0162.jpg\" width=\"480\" \/><\/a><\/div>\n<div class=\"separator\" style=\"clear: both; text-align: center;\">\n<\/div>\n<p>Estiveram presentes na inaugura\u00e7\u00e3o o presidente local do PTC, Nildo Caruaru, o vice-presidente Edson Filho, al\u00e9m do pastor Paulo Curi.<\/p>\n<\/div>\n","protected":false},"excerpt":{"rendered":"<p>O candidato a deputado estadual, Miguel Ricardo, do PTB, inaugurou o comit\u00ea, nesse s\u00e1bado (1\u00ba), em espa\u00e7o que fica localizado&hellip;<\/p>\n","protected":false},"author":1,"featured_media":0,"comment_status":"open","ping_status":"open","sticky":false,"template":"","format":"standard","meta":{"footnotes":""},"categories":[1],"tags":[2,1391,20],"class_list":["post-1410","post","type-post","status-publish","format-standard","hentry","category-sem-categoria","tag-blog-do-edvaldo-magalhaes","tag-miguel-ricardo-e-ptc-caruaru-inauguraram-comite","tag-politica"],"_links":{"self":[{"href":"https:\/\/blogdoedvaldomagalhaes.com.br\/index.php\/wp-json\/wp\/v2\/posts\/1410","targetHints":{"allow":["GET"]}}],"collection":[{"href":"https:\/\/blogdoedvaldomagalhaes.com.br\/index.php\/wp-json\/wp\/v2\/posts"}],"about":[{"href":"https:\/\/blogdoedvaldomagalhaes.com.br\/index.php\/wp-json\/wp\/v2\/types\/post"}],"author":[{"embeddable":true,"href":"https:\/\/blogdoedvaldomagalhaes.com.br\/index.php\/wp-json\/wp\/v2\/users\/1"}],"replies":[{"embeddable":true,"href":"https:\/\/blogdoedvaldomagalhaes.com.br\/index.php\/wp-json\/wp\/v2\/comments?post=1410"}],"version-history":[{"count":1,"href":"https:\/\/blogdoedvaldomagalhaes.com.br\/index.php\/wp-json\/wp\/v2\/posts\/1410\/revisions"}],"predecessor-version":[{"id":33817,"href":"https:\/\/blogdoedvaldomagalhaes.com.br\/index.php\/wp-json\/wp\/v2\/posts\/1410\/revisions\/33817"}],"wp:attachment":[{"href":"https:\/\/blogdoedvaldomagalhaes.com.br\/index.php\/wp-json\/wp\/v2\/media?parent=1410"}],"wp:term":[{"taxonomy":"category","embeddable":true,"href":"https:\/\/blogdoedvaldomagalhaes.com.br\/index.php\/wp-json\/wp\/v2\/categories?post=1410"},{"taxonomy":"post_tag","embeddable":true,"href":"https:\/\/blogdoedvaldomagalhaes.com.br\/index.php\/wp-json\/wp\/v2\/tags?post=1410"}],"curies":[{"name":"wp","href":"https:\/\/api.w.org\/{rel}","templated":true}]}}