{"id":1398,"date":"2018-09-04T10:22:00","date_gmt":"2018-09-04T13:22:00","guid":{"rendered":"http:\/\/blogdoedvaldomagalhaes.com.br\/index.php\/2018\/09\/04\/policia-civil-de-pernambuco-desencadeia\/"},"modified":"2019-02-09T02:30:01","modified_gmt":"2019-02-09T04:30:01","slug":"policia-civil-de-pernambuco-desencadeia","status":"publish","type":"post","link":"https:\/\/blogdoedvaldomagalhaes.com.br\/index.php\/2018\/09\/04\/policia-civil-de-pernambuco-desencadeia\/","title":{"rendered":"Pol\u00edcia Civil de Pernambuco desencadeia duas opera\u00e7\u00f5es em Surubim"},"content":{"rendered":"<div class=\"separator\" style=\"clear: both; text-align: center;\">\n<a href=\"https:\/\/4.bp.blogspot.com\/-P67Q8RSgclM\/W45cjYzYR3I\/AAAAAAAA5Zk\/0SBHBBeVV6ciR3j0mKdp07md27KEL3wGgCLcBGAs\/s1600\/surubim.jpg\" imageanchor=\"1\" style=\"margin-left: 1em; margin-right: 1em;\"><img loading=\"lazy\" decoding=\"async\" border=\"0\" data-original-height=\"386\" data-original-width=\"500\" height=\"490\" src=\"http:\/\/blogdoedvaldomagalhaes.com.br\/wp-content\/uploads\/2018\/09\/surubim.jpg\" width=\"640\" \/><\/a><\/div>\n<div class=\"separator\" style=\"clear: both; text-align: center;\">\nFoto: Pol\u00edcia Civil\/Divulga\u00e7\u00e3o<\/div>\n<div style=\"background-color: white; box-sizing: border-box; line-height: 24px; margin-bottom: 10px; text-align: justify;\">\n<\/div>\n<div style=\"background-color: white; box-sizing: border-box; line-height: 24px; margin-bottom: 10px; text-align: justify;\">\nA Pol\u00edcia Civil de Pernambuco desencadeou na madrugada desta ter\u00e7a-feira (04), duas Opera\u00e7\u00f5es de Repress\u00e3o Qualificada no Agreste do Estado. O objetivo foi desarticular organiza\u00e7\u00f5es que traficavam drogas na regi\u00e3o.<\/div>\n<div style=\"background-color: white; box-sizing: border-box; line-height: 24px; margin-bottom: 10px; text-align: justify;\">\nA opera\u00e7\u00e3o \u201cGold Village\u201d cumpriu 11 mandados de pris\u00e3o e 7 mandados de busca e apreens\u00e3o domiciliar expedidos pela Vara Criminal da Comarca de Surubim. A investiga\u00e7\u00e3o come\u00e7ou em dezembro de 2017.<\/div>\n<div style=\"background-color: white; box-sizing: border-box; line-height: 24px; margin-bottom: 10px; text-align: justify;\">\nA opera\u00e7\u00e3o \u201cNativa\u201d cumpriu 20 mandados de pris\u00e3o e dois mandados de busca e apreens\u00e3o de adolescente infrator e 11 mandados de busca e apreens\u00e3o domiciliar, tamb\u00e9m expedidos pela Comarca de Surubim.<\/div>\n<div style=\"background-color: white; box-sizing: border-box; line-height: 24px; margin-bottom: 10px; text-align: justify;\">\nAs pessoas detidas t\u00eam envolvimento com homic\u00eddios, tr\u00e1fico de drogas, porte e com\u00e9rcio ilegal de armas de fogo, corrup\u00e7\u00e3o de menores e associa\u00e7\u00e3o criminosa.<\/div>\n<div style=\"background-color: white; box-sizing: border-box; line-height: 24px; margin-bottom: 10px; text-align: justify;\">\nAs duas opera\u00e7\u00f5es mobilizaram 180 policiais civis, entre delegados, agentes e escriv\u00e3es. Os detalhes preliminares ser\u00e3o divulgados a partir das 8h, na Delegacia Seccional de Limoeiro.<\/div>\n","protected":false},"excerpt":{"rendered":"<p>Foto: Pol\u00edcia Civil\/Divulga\u00e7\u00e3o A Pol\u00edcia Civil de Pernambuco desencadeou na madrugada desta ter\u00e7a-feira (04), duas Opera\u00e7\u00f5es de Repress\u00e3o Qualificada no&hellip;<\/p>\n","protected":false},"author":1,"featured_media":0,"comment_status":"open","ping_status":"open","sticky":false,"template":"","format":"standard","meta":{"footnotes":""},"categories":[1],"tags":[2,1376,13],"class_list":["post-1398","post","type-post","status-publish","format-standard","hentry","category-sem-categoria","tag-blog-do-edvaldo-magalhaes","tag-policia-civil-de-pernambuco-desencadeia-duas-operacoes-em-surubim","tag-policial"],"_links":{"self":[{"href":"https:\/\/blogdoedvaldomagalhaes.com.br\/index.php\/wp-json\/wp\/v2\/posts\/1398","targetHints":{"allow":["GET"]}}],"collection":[{"href":"https:\/\/blogdoedvaldomagalhaes.com.br\/index.php\/wp-json\/wp\/v2\/posts"}],"about":[{"href":"https:\/\/blogdoedvaldomagalhaes.com.br\/index.php\/wp-json\/wp\/v2\/types\/post"}],"author":[{"embeddable":true,"href":"https:\/\/blogdoedvaldomagalhaes.com.br\/index.php\/wp-json\/wp\/v2\/users\/1"}],"replies":[{"embeddable":true,"href":"https:\/\/blogdoedvaldomagalhaes.com.br\/index.php\/wp-json\/wp\/v2\/comments?post=1398"}],"version-history":[{"count":1,"href":"https:\/\/blogdoedvaldomagalhaes.com.br\/index.php\/wp-json\/wp\/v2\/posts\/1398\/revisions"}],"predecessor-version":[{"id":33851,"href":"https:\/\/blogdoedvaldomagalhaes.com.br\/index.php\/wp-json\/wp\/v2\/posts\/1398\/revisions\/33851"}],"wp:attachment":[{"href":"https:\/\/blogdoedvaldomagalhaes.com.br\/index.php\/wp-json\/wp\/v2\/media?parent=1398"}],"wp:term":[{"taxonomy":"category","embeddable":true,"href":"https:\/\/blogdoedvaldomagalhaes.com.br\/index.php\/wp-json\/wp\/v2\/categories?post=1398"},{"taxonomy":"post_tag","embeddable":true,"href":"https:\/\/blogdoedvaldomagalhaes.com.br\/index.php\/wp-json\/wp\/v2\/tags?post=1398"}],"curies":[{"name":"wp","href":"https:\/\/api.w.org\/{rel}","templated":true}]}}