{"id":1391,"date":"2018-09-04T22:42:00","date_gmt":"2018-09-05T01:42:00","guid":{"rendered":"http:\/\/blogdoedvaldomagalhaes.com.br\/index.php\/2018\/09\/04\/edmilson-do-salgado-desiste-de\/"},"modified":"2019-02-09T02:30:05","modified_gmt":"2019-02-09T04:30:05","slug":"edmilson-do-salgado-desiste-de","status":"publish","type":"post","link":"https:\/\/blogdoedvaldomagalhaes.com.br\/index.php\/2018\/09\/04\/edmilson-do-salgado-desiste-de\/","title":{"rendered":"Edmilson do Salgado desiste de candidatura a deputado estadual"},"content":{"rendered":"<div class=\"separator\" style=\"clear: both; text-align: center;\">\n<a href=\"https:\/\/4.bp.blogspot.com\/-MT7z_rjcRmo\/W48KGqAn5FI\/AAAAAAAA5b0\/bjhG9vHANfw1YjvdtiIuiVHwDNbcfjl4wCLcBGAs\/s1600\/edmilson.png\" imageanchor=\"1\" style=\"margin-left: 1em; margin-right: 1em;\"><img loading=\"lazy\" decoding=\"async\" border=\"0\" data-original-height=\"188\" data-original-width=\"512\" height=\"230\" src=\"http:\/\/blogdoedvaldomagalhaes.com.br\/wp-content\/uploads\/2018\/09\/edmilson.png\" width=\"640\" \/><\/a><\/div>\n<p><\/p>\n<div style=\"background-color: white; text-align: justify;\">\nAp\u00f3s reuni\u00e3o com l\u00edderes de&nbsp; seu partido, na madrugada desta ter\u00e7a-feira (04), Edmilson do Salgado deicidiu&nbsp;n\u00e3o disputar uma vaga \u00e0 Assembleia Legislativa de Pernambuco (Alepe).<\/div>\n<div style=\"background-color: white; text-align: justify;\">\nEdmilson, que foi o vereador mais votado da cidade nas elei\u00e7\u00f5es de 2016, admitiu que n\u00e3o foi f\u00e1cil tomar esta decis\u00e3o, pois j\u00e1 contava com o apoio de grande parcela da popula\u00e7\u00e3o de Caruaru, que conhece e aprova o seu trabalho, ao longo de tr\u00eas legislaturas.<\/div>\n<div style=\"background-color: white; text-align: justify;\">\n&#8220;Saio da disputa de cabe\u00e7a erguida, agradecendo, de cora\u00e7\u00e3o, a todos que abra\u00e7aram o meu projeto e, prometo continuar focando no meu trabalho di\u00e1rio, buscando promover a melhoria na qualidade de vida, das comunidades mais carentes&#8221;, disse Edmilson.<\/div>\n<div style=\"background-color: white; text-align: justify;\">\nPara Deputado Federal, o vereador apoiar\u00e1 a candidatura de Renildo Calheiros, ex- prefeito de Olinda. Para Estadual, n\u00e3o declarou apoio a nenhum candidato(a).<\/div>\n<div style=\"background-color: white; text-align: justify;\">\n<\/div>\n","protected":false},"excerpt":{"rendered":"<p>Ap\u00f3s reuni\u00e3o com l\u00edderes de&nbsp; seu partido, na madrugada desta ter\u00e7a-feira (04), Edmilson do Salgado deicidiu&nbsp;n\u00e3o disputar uma vaga \u00e0&hellip;<\/p>\n","protected":false},"author":1,"featured_media":0,"comment_status":"open","ping_status":"open","sticky":false,"template":"","format":"standard","meta":{"footnotes":""},"categories":[1],"tags":[2,1368,20],"class_list":["post-1391","post","type-post","status-publish","format-standard","hentry","category-sem-categoria","tag-blog-do-edvaldo-magalhaes","tag-edmilson-do-salgado-desiste-de-candidatura-a-deputado-estadual","tag-politica"],"_links":{"self":[{"href":"https:\/\/blogdoedvaldomagalhaes.com.br\/index.php\/wp-json\/wp\/v2\/posts\/1391","targetHints":{"allow":["GET"]}}],"collection":[{"href":"https:\/\/blogdoedvaldomagalhaes.com.br\/index.php\/wp-json\/wp\/v2\/posts"}],"about":[{"href":"https:\/\/blogdoedvaldomagalhaes.com.br\/index.php\/wp-json\/wp\/v2\/types\/post"}],"author":[{"embeddable":true,"href":"https:\/\/blogdoedvaldomagalhaes.com.br\/index.php\/wp-json\/wp\/v2\/users\/1"}],"replies":[{"embeddable":true,"href":"https:\/\/blogdoedvaldomagalhaes.com.br\/index.php\/wp-json\/wp\/v2\/comments?post=1391"}],"version-history":[{"count":1,"href":"https:\/\/blogdoedvaldomagalhaes.com.br\/index.php\/wp-json\/wp\/v2\/posts\/1391\/revisions"}],"predecessor-version":[{"id":33866,"href":"https:\/\/blogdoedvaldomagalhaes.com.br\/index.php\/wp-json\/wp\/v2\/posts\/1391\/revisions\/33866"}],"wp:attachment":[{"href":"https:\/\/blogdoedvaldomagalhaes.com.br\/index.php\/wp-json\/wp\/v2\/media?parent=1391"}],"wp:term":[{"taxonomy":"category","embeddable":true,"href":"https:\/\/blogdoedvaldomagalhaes.com.br\/index.php\/wp-json\/wp\/v2\/categories?post=1391"},{"taxonomy":"post_tag","embeddable":true,"href":"https:\/\/blogdoedvaldomagalhaes.com.br\/index.php\/wp-json\/wp\/v2\/tags?post=1391"}],"curies":[{"name":"wp","href":"https:\/\/api.w.org\/{rel}","templated":true}]}}