{"id":1390,"date":"2018-09-04T22:48:00","date_gmt":"2018-09-05T01:48:00","guid":{"rendered":"http:\/\/blogdoedvaldomagalhaes.com.br\/index.php\/2018\/09\/04\/resultado-das-fiscalizacoes-do-procon\/"},"modified":"2019-02-09T02:30:06","modified_gmt":"2019-02-09T04:30:06","slug":"resultado-das-fiscalizacoes-do-procon","status":"publish","type":"post","link":"https:\/\/blogdoedvaldomagalhaes.com.br\/index.php\/2018\/09\/04\/resultado-das-fiscalizacoes-do-procon\/","title":{"rendered":"Resultado das fiscaliza\u00e7\u00f5es do Procon em postos de combust\u00edveis de Caruaru"},"content":{"rendered":"<div class=\"separator\" style=\"clear: both; text-align: center;\">\n<a href=\"https:\/\/3.bp.blogspot.com\/-zUvztxchWv8\/W48Kz6FmKCI\/AAAAAAAA5b8\/PqSXWC6I0ZYHjiylO8QIEu3FMOmEHlI0QCLcBGAs\/s1600\/procon.jpg\" imageanchor=\"1\" style=\"margin-left: 1em; margin-right: 1em;\"><img loading=\"lazy\" decoding=\"async\" border=\"0\" data-original-height=\"288\" data-original-width=\"512\" height=\"354\" src=\"http:\/\/blogdoedvaldomagalhaes.com.br\/wp-content\/uploads\/2018\/09\/procon.jpg\" width=\"640\" \/><\/a><\/div>\n<div class=\"separator\" style=\"clear: both; text-align: center;\">\n<\/div>\n<div class=\"separator\" style=\"clear: both; text-align: justify;\">\nO Procon Caruaru realizou fiscaliza\u00e7\u00e3o em postos de combust\u00edveis ap\u00f3s boato sobre greve de caminhoneiros. Foram 13 postos fiscalizados, oito no domingo (02) e cinco nessa segunda-feira (03). O boato sobre a realiza\u00e7\u00e3o de uma nova greve dos caminhoneiros que aconteceria do domingo (2) para a segunda-feira (3), que foi postada na redes sociais por uma rede de postos no Recife gerou aumento na movimenta\u00e7\u00e3o nos postos de combust\u00edveis de Caruaru.&nbsp;<\/div>\n<div class=\"separator\" style=\"clear: both; text-align: justify;\">\n<\/div>\n<div class=\"separator\" style=\"clear: both; text-align: center;\">\n<a href=\"https:\/\/3.bp.blogspot.com\/-2yIr9you9rQ\/W48Lf3O6HlI\/AAAAAAAA5cI\/wZb2r5Mk5McglQRUHYm1Zr2ZmGFU64K_QCLcBGAs\/s1600\/procon%2B1.jpg\" imageanchor=\"1\" style=\"margin-left: 1em; margin-right: 1em;\"><img loading=\"lazy\" decoding=\"async\" border=\"0\" data-original-height=\"384\" data-original-width=\"512\" height=\"480\" src=\"http:\/\/blogdoedvaldomagalhaes.com.br\/wp-content\/uploads\/2018\/09\/procon1.jpg\" width=\"640\" \/><\/a><\/div>\n<div class=\"separator\" style=\"clear: both; text-align: justify;\">\n<\/div>\n<div class=\"separator\" style=\"clear: both; text-align: justify;\">\nFoi constatado reajuste abusivo em dois postos, um no bairro Nova Caruaru e outro no bairro Indian\u00f3polis. Um outro posto, tamb\u00e9m no bairro Indian\u00f3polis, foi notificado por ter suspendido a venda do combust\u00edvel atrav\u00e9s do cart\u00e3o. Em um posto no bairro Petr\u00f3polis foi constatada irregularidade pela falta de emiss\u00e3o de nota fiscal e pela aus\u00eancia no C\u00f3digo de Defesa do Consumidor. A fiscaliza\u00e7\u00e3o teve o apoio da Pol\u00edcia Militar.<\/div>\n<div class=\"separator\" style=\"clear: both; text-align: justify;\">\n<\/div>\n<div class=\"separator\" style=\"clear: both; text-align: justify;\">\n<\/div>\n<div class=\"separator\" style=\"clear: both; text-align: justify;\">\nA popula\u00e7\u00e3o pode denunciar qualquer irregularidade no Procon Caruaru ligandi para: (81) 3727-0289 ou 0800-282-1512.<\/div>\n","protected":false},"excerpt":{"rendered":"<p>O Procon Caruaru realizou fiscaliza\u00e7\u00e3o em postos de combust\u00edveis ap\u00f3s boato sobre greve de caminhoneiros. Foram 13 postos fiscalizados, oito&hellip;<\/p>\n","protected":false},"author":1,"featured_media":0,"comment_status":"open","ping_status":"open","sticky":false,"template":"","format":"standard","meta":{"footnotes":""},"categories":[1],"tags":[2,6,1367],"class_list":["post-1390","post","type-post","status-publish","format-standard","hentry","category-sem-categoria","tag-blog-do-edvaldo-magalhaes","tag-noticias","tag-resultado-das-fiscalizacoes-do-procon-em-postos-de-combustiveis-de-caruaru"],"_links":{"self":[{"href":"https:\/\/blogdoedvaldomagalhaes.com.br\/index.php\/wp-json\/wp\/v2\/posts\/1390","targetHints":{"allow":["GET"]}}],"collection":[{"href":"https:\/\/blogdoedvaldomagalhaes.com.br\/index.php\/wp-json\/wp\/v2\/posts"}],"about":[{"href":"https:\/\/blogdoedvaldomagalhaes.com.br\/index.php\/wp-json\/wp\/v2\/types\/post"}],"author":[{"embeddable":true,"href":"https:\/\/blogdoedvaldomagalhaes.com.br\/index.php\/wp-json\/wp\/v2\/users\/1"}],"replies":[{"embeddable":true,"href":"https:\/\/blogdoedvaldomagalhaes.com.br\/index.php\/wp-json\/wp\/v2\/comments?post=1390"}],"version-history":[{"count":1,"href":"https:\/\/blogdoedvaldomagalhaes.com.br\/index.php\/wp-json\/wp\/v2\/posts\/1390\/revisions"}],"predecessor-version":[{"id":33869,"href":"https:\/\/blogdoedvaldomagalhaes.com.br\/index.php\/wp-json\/wp\/v2\/posts\/1390\/revisions\/33869"}],"wp:attachment":[{"href":"https:\/\/blogdoedvaldomagalhaes.com.br\/index.php\/wp-json\/wp\/v2\/media?parent=1390"}],"wp:term":[{"taxonomy":"category","embeddable":true,"href":"https:\/\/blogdoedvaldomagalhaes.com.br\/index.php\/wp-json\/wp\/v2\/categories?post=1390"},{"taxonomy":"post_tag","embeddable":true,"href":"https:\/\/blogdoedvaldomagalhaes.com.br\/index.php\/wp-json\/wp\/v2\/tags?post=1390"}],"curies":[{"name":"wp","href":"https:\/\/api.w.org\/{rel}","templated":true}]}}