{"id":1388,"date":"2018-09-04T23:45:00","date_gmt":"2018-09-05T02:45:00","guid":{"rendered":"http:\/\/blogdoedvaldomagalhaes.com.br\/index.php\/2018\/09\/04\/confira-programacao-da-festa-da\/"},"modified":"2019-02-09T02:30:07","modified_gmt":"2019-02-09T04:30:07","slug":"confira-programacao-da-festa-da","status":"publish","type":"post","link":"https:\/\/blogdoedvaldomagalhaes.com.br\/index.php\/2018\/09\/04\/confira-programacao-da-festa-da\/","title":{"rendered":"Confira a programa\u00e7\u00e3o da Festa da Padroeira de Caruaru"},"content":{"rendered":"<div class=\"separator\" style=\"clear: both; text-align: center;\">\n<a href=\"https:\/\/4.bp.blogspot.com\/-J73yguC2V4M\/W48Y5Y2Wo1I\/AAAAAAAA5cc\/vvqJM9JjBbk32xGQw7W41cEQrw-wLkV9ACLcBGAs\/s1600\/nossa.jpg\" imageanchor=\"1\" style=\"margin-left: 1em; margin-right: 1em;\"><img loading=\"lazy\" decoding=\"async\" border=\"0\" data-original-height=\"342\" data-original-width=\"512\" height=\"426\" src=\"http:\/\/blogdoedvaldomagalhaes.com.br\/wp-content\/uploads\/2018\/09\/nossa.jpg\" width=\"640\" \/><\/a><\/div>\n<p><\/p>\n<div style=\"text-align: justify;\">\nPara comemorar os 170 anos de cria\u00e7\u00e3o, a Par\u00f3quia de Nossa Senhora das Dores preparou uma programa\u00e7\u00e3o especial para a festa da Padroeira da cidade. Na quinta (06), as 18h30, as comemora\u00e7\u00f5es tem in\u00edcio com a acolhida da carreata que vir\u00e1 da Par\u00f3quia de S\u00e3o Jos\u00e9 de Bezerros com a bandeira de Nossa Senhora, em seguida ser\u00e1 feito o hasteamento das bandeiras em frente a Catedral e a Concelebra\u00e7\u00e3o Eucar\u00edstica presidida pelo bispo diocesano Dom Bernardino Marchi\u00f3. Para finalizar a noite, a partir das 22h ser\u00e1 realizada uma Vig\u00edlia de ora\u00e7\u00f5es pelo Brasil.<\/div>\n<div style=\"text-align: justify;\">\n<\/div>\n<div style=\"text-align: justify;\">\nOutro momento marcante da festa ser\u00e1 a sexta (07), \u00e0s 17h, quando haver\u00e1 a missa e envio dos Romeiros que seguir\u00e3o para Juazeiro. Durante todos os dias de festa haver\u00e1 celebra\u00e7\u00f5es eucar\u00edsticas com padres convidados, al\u00e9m da presen\u00e7a dos noiteiros e a realiza\u00e7\u00e3o da quermesse com apresenta\u00e7\u00f5es de artistas regionais como Renilda Cardoso, Marlene do Forr\u00f3, entre outros.<\/div>\n<div style=\"text-align: justify;\">\n<\/div>\n<div style=\"text-align: justify;\">\nAs 19h30, na sexta-feira (14) ser\u00e1 realizada uma prociss\u00e3o motorizada com a imagem da padroeira que passar\u00e1 por v\u00e1rias par\u00f3quias de Caruaru. Em cada uma delas haver\u00e1 um breve momento de homenagem \u00e0 Nossa Senhora.<\/div>\n<div style=\"text-align: justify;\">\n<\/div>\n<div style=\"text-align: justify;\">\nNo s\u00e1bado (15), dia da padroeira, a programa\u00e7\u00e3o conta com missa solene \u00e0s 10h, presidida pelo bispo em\u00e9rito do Crato (CE), Dom Fernando Panico MSC, as 12h homenagem dos artistas caruaruenses \u00e0 Padroeira, 16h a solene prociss\u00e3o pelas ruas da cidade&nbsp; e as 18h a Concelebra\u00e7\u00e3o Eucar\u00edstica presidida por Dom Bernardino Marchi\u00f3.<\/p>\n<p><b>Confira a programa\u00e7\u00e3o completa:<\/b><\/p>\n<p>Quinta &#8211; 06 de Setembro | Abertura<br \/>\nTema: Vocacionados para a esperan\u00e7a<br \/>\n18h30 Concentra\u00e7\u00e3o na Av. Jos\u00e9 Rodrigues de Jesus e acolhida \u00e0 carreata com a bandeira da padroeira vinda da Par\u00f3quia de S\u00e3o Jos\u00e9 dos Bezerros<br \/>\n19h Hasteamento das bandeiras em frente a Catedral<br \/>\n19h30 Concelebra\u00e7\u00e3o Eucar\u00edstica presidida pelo Sr. Bispo Diocesano Dom Bernardino Marchio<br \/>\n22h Vig\u00edlia de Ora\u00e7\u00e3o pelo Brasil<\/p>\n<p>Sexta &#8211; 07 de Setembro<br \/>\n6h Of\u00edcio de Nossa Senhora<br \/>\n8h Participa\u00e7\u00e3o no Desfile C\u00edvico<br \/>\n16h Missa e envio dos Romeiros presidida por Pe Luiz Antonio (Par\u00f3quia S\u00e3o Jos\u00e9 dos Bezerros)<br \/>\nTema: Perseverar na constru\u00e7\u00e3o de uma Na\u00e7\u00e3o Melhor<br \/>\n19h Recita\u00e7\u00e3o da coroa de Nossa Senhora das Dores<br \/>\n19h30 Concelebra\u00e7\u00e3o Eucar\u00edstica presidida por Mons. Jos\u00e9 Heleno (Juiz Eclesi\u00e1stico)<br \/>\n21h Quermesse e show com Renilda Cardoso<\/p>\n<p>S\u00e1bado &#8211; 08 de Setembro<br \/>\n6h Of\u00edcio de Nossa Senhora<br \/>\nTema: Nascimento, sinal de esperan\u00e7a<br \/>\n19h Recita\u00e7\u00e3o da Coroa de Nossa Senhora das Dores<br \/>\n19h30 Concelebra\u00e7\u00e3o Eucar\u00edstica presidida por Frei Marcelo Ara\u00fajo OFM cap (Par\u00f3quia Cora\u00e7\u00e3o Eucar\u00edstico)<br \/>\n21h Quermesse e show com Marlene do forr\u00f3<\/p>\n<p>Domingo &#8211; 09 de Setembro<br \/>\n6h30 Celebra\u00e7\u00e3o Eucar\u00edstica presidida por Dom Bernardino Marchi\u00f3<br \/>\n11h Celebra\u00e7\u00e3o Eucar\u00edstica presidida por Pe Zenilson Tiburcio<br \/>\nTema: Perseverar na alegria<br \/>\n17h30 Recita\u00e7\u00e3o da Coroa de Nossa Senhora das Dores<br \/>\n18h Concelebra\u00e7\u00e3o Eucar\u00edstica presidida por Pe Paulo Jorge (Setor Juventude e \u00c1rea Pastoral do Alto do Moura)<br \/>\n20h Quermesse e apresenta\u00e7\u00e3o da banda Gera\u00e7\u00e3o Mission\u00e1ria<\/p>\n<p>Segunda &#8211; 10 de Setembro<br \/>\n6h Of\u00edcio de Nossa Senhora<br \/>\nTema: Fam\u00edlia: Fruto da perseveran\u00e7a do amor<br \/>\n19h Recita\u00e7\u00e3o da Coroa de Nossa Senhora das Dores<br \/>\n19h30 Concelebra\u00e7\u00e3o Eucar\u00edstica presidida por Pe Jos\u00e9 Silvano Onofre (\u00c1rea Pastoral Santa Teresinha-Cidade Alta)<br \/>\n21h Quermesse e apresenta\u00e7\u00e3o do pastoril de Maria Rosa (Par\u00f3quia N. S. de F\u00e1tima)<\/p>\n<p>Ter\u00e7a &#8211; 11 de Setembro<br \/>\n6h Of\u00edcio de Nossa Senhora<br \/>\nTema: Perseverar acreditando na esperan\u00e7a<br \/>\n19h Recita\u00e7\u00e3o da Coroa de Nossa Senhora das Dores<br \/>\n19h30 Concelebra\u00e7\u00e3o Eucar\u00edstica presidida por&nbsp; Pe Kennedy Amorim (Par\u00f3quia Bom Jesus e S\u00e3o Miguel- Santa Cruz do Capibaribe)<br \/>\n21h Quermesse e apresenta\u00e7\u00e3o do pastoril da Par\u00f3quia S\u00e3o Jos\u00e9<\/p>\n<p>Quarta &#8211; 12 de Setembro<br \/>\n6h Of\u00edcio de Nossa Senhora<br \/>\nTema: Felizes os que alimentam a esperan\u00e7a na paz<br \/>\n19h Recita\u00e7\u00e3o da Coroa de Nossa Senhora das Dores<br \/>\n19h30 Concelebra\u00e7\u00e3o Eucar\u00edstica presidida por Pe Janailton Alves (Dimens\u00e3o Catequ\u00e9tica Diocesana e Par\u00f3quia N. S. da concei\u00e7\u00e3o-Toritama)<br \/>\n21h Quermesse e Show com Drico Correia<\/p>\n<p>Quinta &#8211; 13 de Setembro<br \/>\n6h Of\u00edcio de Nossa Senhora<br \/>\nTema: Em meio \u00e0s dores, perseverar comunicando a esperan\u00e7a<br \/>\n19h Recita\u00e7\u00e3o da Coroa de Nossa Senhora das Dores<br \/>\n19h30 Concelebra\u00e7\u00e3o Eucar\u00edstica presidida por Pe Alexsandro Jorge (Coordenador da Regi\u00e3o Pastoral Centro e Par\u00f3quia S\u00e3o Jos\u00e9- Caruaru)<br \/>\n21h Quermesse e show com Elias Guinho e banda<\/p>\n<p>Sexta &#8211; 14 de Setembro<br \/>\n6h Of\u00edcio de Nossa Senhora<br \/>\nTema: Na Cruz a esperan\u00e7a da Ressurrei\u00e7\u00e3o<br \/>\n19h Recita\u00e7\u00e3o da Coroa de Nossa Senhora das Dores&nbsp; e Prociss\u00e3o dos Motociclistas com a imagem da Padroeira percorrendo as Par\u00f3quias da Cidade<br \/>\n19h30 Concelebra\u00e7\u00e3o Eucar\u00edstica presidida por Mons Olivaldo Pereira (Vig\u00e1rio Geral da Diocese de Caruaru)<br \/>\n21h Quermesse e apresenta\u00e7\u00e3o de Leandro In\u00e1cio e banda<\/p>\n<p>S\u00e1bado &#8211; 15 de Setembro&nbsp; | Dia da Padroeira<br \/>\n6h Of\u00edcio de Nossa Senhora<br \/>\n7h Of\u00edcio Solene de Laudes Cantado pelos Seminaristas<br \/>\n9h Apresenta\u00e7\u00e3o do Musical &#8220;Cantemos Maria na dor e na alegria&#8221; com o Apostolado Guardi\u00f5es da Virgem<br \/>\n10h Missa Solene presidida por Dom Fernando Panico MSC (Bispo Em\u00e9rito do Crato-CE)<br \/>\nCoral: GDAC<br \/>\n12h Homenagem da cultura caruaruense \u00e0 Padroeira<br \/>\n16h Solene Prociss\u00e3o com a imagem de Nossa Senhora das Dores<br \/>\n18h Concelebra\u00e7\u00e3o Eucar\u00edstica de encerramento das festividades presidida por Dom Bernardino Marchi\u00f3 (Bispo Diocesano)<\/p>\n<p>Coral: GAF e Seminaristas<\/p>\n<div>\n<\/div>\n<\/div>\n<div style=\"text-align: justify;\">\n<\/div>\n","protected":false},"excerpt":{"rendered":"<p>Para comemorar os 170 anos de cria\u00e7\u00e3o, a Par\u00f3quia de Nossa Senhora das Dores preparou uma programa\u00e7\u00e3o especial para a&hellip;<\/p>\n","protected":false},"author":1,"featured_media":0,"comment_status":"open","ping_status":"open","sticky":false,"template":"","format":"standard","meta":{"footnotes":""},"categories":[1],"tags":[2,1365,6],"class_list":["post-1388","post","type-post","status-publish","format-standard","hentry","category-sem-categoria","tag-blog-do-edvaldo-magalhaes","tag-confira-a-programacao-da-festa-da-padroeira-de-caruaru","tag-noticias"],"_links":{"self":[{"href":"https:\/\/blogdoedvaldomagalhaes.com.br\/index.php\/wp-json\/wp\/v2\/posts\/1388","targetHints":{"allow":["GET"]}}],"collection":[{"href":"https:\/\/blogdoedvaldomagalhaes.com.br\/index.php\/wp-json\/wp\/v2\/posts"}],"about":[{"href":"https:\/\/blogdoedvaldomagalhaes.com.br\/index.php\/wp-json\/wp\/v2\/types\/post"}],"author":[{"embeddable":true,"href":"https:\/\/blogdoedvaldomagalhaes.com.br\/index.php\/wp-json\/wp\/v2\/users\/1"}],"replies":[{"embeddable":true,"href":"https:\/\/blogdoedvaldomagalhaes.com.br\/index.php\/wp-json\/wp\/v2\/comments?post=1388"}],"version-history":[{"count":1,"href":"https:\/\/blogdoedvaldomagalhaes.com.br\/index.php\/wp-json\/wp\/v2\/posts\/1388\/revisions"}],"predecessor-version":[{"id":33873,"href":"https:\/\/blogdoedvaldomagalhaes.com.br\/index.php\/wp-json\/wp\/v2\/posts\/1388\/revisions\/33873"}],"wp:attachment":[{"href":"https:\/\/blogdoedvaldomagalhaes.com.br\/index.php\/wp-json\/wp\/v2\/media?parent=1388"}],"wp:term":[{"taxonomy":"category","embeddable":true,"href":"https:\/\/blogdoedvaldomagalhaes.com.br\/index.php\/wp-json\/wp\/v2\/categories?post=1388"},{"taxonomy":"post_tag","embeddable":true,"href":"https:\/\/blogdoedvaldomagalhaes.com.br\/index.php\/wp-json\/wp\/v2\/tags?post=1388"}],"curies":[{"name":"wp","href":"https:\/\/api.w.org\/{rel}","templated":true}]}}