{"id":1387,"date":"2018-09-04T23:49:00","date_gmt":"2018-09-05T02:49:00","guid":{"rendered":"http:\/\/blogdoedvaldomagalhaes.com.br\/index.php\/2018\/09\/04\/saiba-como-vai-ser-o-desfile-civico-de\/"},"modified":"2019-02-09T02:30:10","modified_gmt":"2019-02-09T04:30:10","slug":"saiba-como-vai-ser-o-desfile-civico-de","status":"publish","type":"post","link":"https:\/\/blogdoedvaldomagalhaes.com.br\/index.php\/2018\/09\/04\/saiba-como-vai-ser-o-desfile-civico-de\/","title":{"rendered":"Saiba como vai ser o desfile c\u00edvico de 7 de Setembro em Caruaru"},"content":{"rendered":"<div class=\"separator\" style=\"clear: both; text-align: center;\">\n<a href=\"https:\/\/3.bp.blogspot.com\/-WIfLGnfu3JU\/W48ZyHCq-dI\/AAAAAAAA5ck\/oNDSs76IOKYHpJLq1vJtH7qMrxywtg7iQCLcBGAs\/s1600\/desile%255B.jpg\" imageanchor=\"1\" style=\"margin-left: 1em; margin-right: 1em;\"><img loading=\"lazy\" decoding=\"async\" border=\"0\" data-original-height=\"1024\" data-original-width=\"1024\" height=\"640\" src=\"http:\/\/blogdoedvaldomagalhaes.com.br\/wp-content\/uploads\/2018\/09\/desile5B.jpg\" width=\"640\" \/><\/a><\/div>\n<p><\/p>\n<div style=\"text-align: justify;\">\nEste ano, artistas caruaruenses ser\u00e3o homenageados<\/div>\n<div style=\"text-align: justify;\">\n<\/div>\n<div style=\"text-align: justify;\">\nA Prefeitura de Caruaru, atrav\u00e9s da Secretaria de Educa\u00e7\u00e3o, j\u00e1 est\u00e1 com tudo pronto para realiza\u00e7\u00e3o do desfile c\u00edvico de 7 de Setembro, que acontecer\u00e1 na Avenida Rui Barbosa.<\/div>\n<div style=\"text-align: justify;\">\n<\/div>\n<div style=\"text-align: justify;\">\nA programa\u00e7\u00e3o oficial ser\u00e1 iniciada \u00e0s 8h, quando a prefeita Raquel Lyra, acompanhada de autoridades locais, far\u00e1 o hasteamento da bandeira, no Grande Hotel. Em seguida, setenta e cinco agremia\u00e7\u00f5es sair\u00e3o da CAGEP com sentido a Rui Babosa para celebrar a Independ\u00eancia do Brasil.<\/p>\n<p>Cerca de nove mil desfilantes, incluindo alunos das escolas p\u00fablicas e privadas do munic\u00edpio, v\u00e3o se apresentar regidos pelo tema \u201cCaruaru e seu mundo cultural\u201d, que focar\u00e1 cinco linguagens: dan\u00e7a, m\u00fasica, teatro, literatura e artes visuais.<\/p>\n<p>\n\u201cA novidade, para este ano, \u00e9 a homenagem que vamos fazer a 100 artistas caruaruenses, a exemplo do cantor e compositor da \u2018Feira de Caruaru\u2019, Onildo Almeida, com o objetivo de celebrar a nossa cultura que \u00e9 t\u00e3o rica e conhecida mundialmente\u201d, afirmou o secret\u00e1rio de Educa\u00e7\u00e3o, Rubenildo Moura.<\/div>\n","protected":false},"excerpt":{"rendered":"<p>Este ano, artistas caruaruenses ser\u00e3o homenageados A Prefeitura de Caruaru, atrav\u00e9s da Secretaria de Educa\u00e7\u00e3o, j\u00e1 est\u00e1 com tudo pronto&hellip;<\/p>\n","protected":false},"author":1,"featured_media":0,"comment_status":"open","ping_status":"open","sticky":false,"template":"","format":"standard","meta":{"footnotes":""},"categories":[1],"tags":[2,6,1364],"class_list":["post-1387","post","type-post","status-publish","format-standard","hentry","category-sem-categoria","tag-blog-do-edvaldo-magalhaes","tag-noticias","tag-saiba-como-vai-ser-o-desfile-civico-de-7-de-setembro-em-caruaru"],"_links":{"self":[{"href":"https:\/\/blogdoedvaldomagalhaes.com.br\/index.php\/wp-json\/wp\/v2\/posts\/1387","targetHints":{"allow":["GET"]}}],"collection":[{"href":"https:\/\/blogdoedvaldomagalhaes.com.br\/index.php\/wp-json\/wp\/v2\/posts"}],"about":[{"href":"https:\/\/blogdoedvaldomagalhaes.com.br\/index.php\/wp-json\/wp\/v2\/types\/post"}],"author":[{"embeddable":true,"href":"https:\/\/blogdoedvaldomagalhaes.com.br\/index.php\/wp-json\/wp\/v2\/users\/1"}],"replies":[{"embeddable":true,"href":"https:\/\/blogdoedvaldomagalhaes.com.br\/index.php\/wp-json\/wp\/v2\/comments?post=1387"}],"version-history":[{"count":1,"href":"https:\/\/blogdoedvaldomagalhaes.com.br\/index.php\/wp-json\/wp\/v2\/posts\/1387\/revisions"}],"predecessor-version":[{"id":33875,"href":"https:\/\/blogdoedvaldomagalhaes.com.br\/index.php\/wp-json\/wp\/v2\/posts\/1387\/revisions\/33875"}],"wp:attachment":[{"href":"https:\/\/blogdoedvaldomagalhaes.com.br\/index.php\/wp-json\/wp\/v2\/media?parent=1387"}],"wp:term":[{"taxonomy":"category","embeddable":true,"href":"https:\/\/blogdoedvaldomagalhaes.com.br\/index.php\/wp-json\/wp\/v2\/categories?post=1387"},{"taxonomy":"post_tag","embeddable":true,"href":"https:\/\/blogdoedvaldomagalhaes.com.br\/index.php\/wp-json\/wp\/v2\/tags?post=1387"}],"curies":[{"name":"wp","href":"https:\/\/api.w.org\/{rel}","templated":true}]}}