{"id":1380,"date":"2018-09-05T22:26:00","date_gmt":"2018-09-06T01:26:00","guid":{"rendered":"http:\/\/blogdoedvaldomagalhaes.com.br\/index.php\/2018\/09\/05\/pesquisa-ibope-em-pernambuco-paulo\/"},"modified":"2019-02-09T02:30:16","modified_gmt":"2019-02-09T04:30:16","slug":"pesquisa-ibope-em-pernambuco-paulo","status":"publish","type":"post","link":"https:\/\/blogdoedvaldomagalhaes.com.br\/index.php\/2018\/09\/05\/pesquisa-ibope-em-pernambuco-paulo\/","title":{"rendered":"Pesquisa Ibope em Pernambuco: Paulo C\u00e2mara, 33%; Armando Monteiro, 24%"},"content":{"rendered":"<div class=\"separator\" style=\"clear: both; text-align: center;\">\n<a href=\"https:\/\/3.bp.blogspot.com\/-W5MaU-7Q7Wk\/W5BX2JlBurI\/AAAAAAAA5hQ\/ct-w45TfMYEsfE3yXt5BqtK06JoTXWgQgCLcBGAs\/s1600\/eles.jpg\" imageanchor=\"1\" style=\"margin-left: 1em; margin-right: 1em;\"><img loading=\"lazy\" decoding=\"async\" border=\"0\" data-original-height=\"492\" data-original-width=\"768\" height=\"410\" src=\"http:\/\/blogdoedvaldomagalhaes.com.br\/wp-content\/uploads\/2018\/09\/eles-1.jpg\" width=\"640\" \/><\/a><\/div>\n<p><\/p>\n<div style=\"text-align: justify;\">\n<b>Do G1 Pernambuco<\/b><\/div>\n<div style=\"text-align: justify;\">\n<\/div>\n<div style=\"text-align: justify;\">\nPesquisa Ibope divulgada nesta quarta-feira (5) aponta os seguintes percentuais de inten\u00e7\u00e3o de voto para o governo de Pernambuco:<\/div>\n<div style=\"text-align: justify;\">\n<\/div>\n<div style=\"text-align: justify;\">\n\u2022 Paulo C\u00e2mara (PSB): 33%<\/div>\n<div style=\"text-align: justify;\">\n<\/div>\n<div style=\"text-align: justify;\">\n\u2022 Armando Monteiro (PTB): 24%<\/div>\n<div style=\"text-align: justify;\">\n<\/div>\n<div style=\"text-align: justify;\">\n\u2022 Julio Lossio (Rede): 3%<\/div>\n<div style=\"text-align: justify;\">\n<\/div>\n<div style=\"text-align: justify;\">\n\u2022 Maur\u00edcio Rands (PROS): 2%<\/div>\n<div style=\"text-align: justify;\">\n<\/div>\n<div style=\"text-align: justify;\">\n\u2022 Ana Patr\u00edcia Alves (PCO): 1%<\/div>\n<div style=\"text-align: justify;\">\n<\/div>\n<div style=\"text-align: justify;\">\n\u2022 Dani Portela (PSOL): 1%<\/div>\n<div style=\"text-align: justify;\">\n<\/div>\n<div style=\"text-align: justify;\">\n\u2022 Simone Fontana (PSTU): 1%<\/div>\n<div style=\"text-align: justify;\">\n<\/div>\n<div style=\"text-align: justify;\">\n\u2022 Brancos\/nulos: 24%<\/div>\n<div style=\"text-align: justify;\">\n<\/div>\n<div style=\"text-align: justify;\">\n\u2022 N\u00e3o sabe\/n\u00e3o respondeu: 11%<\/div>\n<div style=\"text-align: justify;\">\n<\/div>\n<div style=\"text-align: justify;\">\nA pesquisa foi encomendada pela TV Globo e pelo \u201cJornal do Commercio\u201d. \u00c9 o segundo levantamento do Ibope realizado depois da oficializa\u00e7\u00e3o das candidaturas na Justi\u00e7a Eleitoral.<\/div>\n<div style=\"text-align: justify;\">\n<\/div>\n<div style=\"text-align: justify;\">\nNo levantamento anterior, feito de 17 a 19 de agosto, os percentuais de inten\u00e7\u00e3o de votos eram os seguintes:<\/div>\n<div style=\"text-align: justify;\">\n<\/div>\n<div style=\"text-align: justify;\">\n\u2022 Paulo C\u00e2mara (PSB): 27%<\/div>\n<div style=\"text-align: justify;\">\n<\/div>\n<div style=\"text-align: justify;\">\n\u2022 Armando Monteiro (PTB): 21%<\/div>\n<div style=\"text-align: justify;\">\n<\/div>\n<div style=\"text-align: justify;\">\n\u2022 Ana Patr\u00edcia Alves (PCO): 3%<\/div>\n<div style=\"text-align: justify;\">\n<\/div>\n<div style=\"text-align: justify;\">\n\u2022 Julio Lossio (Rede): 3%<\/div>\n<div style=\"text-align: justify;\">\n<\/div>\n<div style=\"text-align: justify;\">\n\u2022 Maur\u00edcio Rands (PROS): 2%<\/div>\n<div style=\"text-align: justify;\">\n<\/div>\n<div style=\"text-align: justify;\">\n\u2022 Simone Fontana (PSTU): 2%<\/div>\n<div style=\"text-align: justify;\">\n<\/div>\n<div style=\"text-align: justify;\">\n\u2022 Dani Portela (PSOL): 1%<\/div>\n<div style=\"text-align: justify;\">\n<\/div>\n<div style=\"text-align: justify;\">\n\u2022 Branco\/nulo: 32%<\/div>\n<div style=\"text-align: justify;\">\n<\/div>\n<div style=\"text-align: justify;\">\n\u2022 N\u00e3o sabe\/n\u00e3o respondeu: 8%<\/div>\n<div style=\"text-align: justify;\">\n<\/div>\n<div style=\"text-align: justify;\">\nSobre a pesquisa divulgada nesta quarta, 5<\/div>\n<div style=\"text-align: justify;\">\n<\/div>\n<div style=\"text-align: justify;\">\n\u2022 Margem de erro: 3 pontos percentuais para mais ou para menos<\/div>\n<div style=\"text-align: justify;\">\n<\/div>\n<div style=\"text-align: justify;\">\n\u2022 Quem foi ouvido: 1.204 eleitores de todas as regi\u00f5es do estado, com 16 anos ou mais<\/div>\n<div style=\"text-align: justify;\">\n<\/div>\n<div style=\"text-align: justify;\">\n\u2022 Quando a pesquisa foi feita: 2 a 4 de setembro<\/div>\n<div style=\"text-align: justify;\">\n<\/div>\n<div style=\"text-align: justify;\">\n\u2022 Registro no TRE: PE-00240\/2018<\/div>\n<div style=\"text-align: justify;\">\n<\/div>\n<div style=\"text-align: justify;\">\n\u2022 Registro no TSE: BR-01246\/2018<\/div>\n<div style=\"text-align: justify;\">\n<\/div>\n<div style=\"text-align: justify;\">\n\u2022 O n\u00edvel de confian\u00e7a utilizado \u00e9 de 95%. Isso quer dizer que h\u00e1 uma probabilidade de 95% de os resultados retratarem o atual momento eleitoral, considerando a margem de erro<\/div>\n<div style=\"text-align: justify;\">\n<\/div>\n<div style=\"text-align: justify;\">\n\u2022 0% significa que o candidato n\u00e3o atingiu 1%. Tra\u00e7o significa que o candidato n\u00e3o foi citado por nenhum entrevistado<\/div>\n<div style=\"text-align: justify;\">\n<\/div>\n<div style=\"text-align: justify;\">\nNa modalidade espont\u00e2nea da pesquisa Ibope (em que o pesquisador somente pergunta ao eleitor em quem ele pretende votar, sem apresentar a rela\u00e7\u00e3o de candidatos), o resultado foi o seguinte:<\/div>\n<div style=\"text-align: justify;\">\n<\/div>\n<div style=\"text-align: justify;\">\n\u2022 Paulo C\u00e2mara (PSB): 15%<\/div>\n<div style=\"text-align: justify;\">\n<\/div>\n<div style=\"text-align: justify;\">\n\u2022 Armando Monteiro (PTB): 10%<\/div>\n<div style=\"text-align: justify;\">\n<\/div>\n<div style=\"text-align: justify;\">\n\u2022 Julio Lossio (Rede): 1%<\/div>\n<div style=\"text-align: justify;\">\n<\/div>\n<div style=\"text-align: justify;\">\n\u2022 Ana Patr\u00edcia Alves (PCO): 0%<\/div>\n<div style=\"text-align: justify;\">\n<\/div>\n<div style=\"text-align: justify;\">\n\u2022 Maur\u00edcio Rands (PROS): 0%<\/div>\n<div style=\"text-align: justify;\">\n<\/div>\n<div style=\"text-align: justify;\">\n\u2022 Dani Portela (PSOL): 0%<\/div>\n<div style=\"text-align: justify;\">\n<\/div>\n<div style=\"text-align: justify;\">\n\u2022 Simone Fontana (PSTU): \u2013<\/div>\n<div style=\"text-align: justify;\">\n<\/div>\n<div style=\"text-align: justify;\">\n\u2022 Outros: 4%<\/div>\n<div style=\"text-align: justify;\">\n<\/div>\n<div style=\"text-align: justify;\">\n\u2022 Branco\/nulo: 26%<\/div>\n<div style=\"text-align: justify;\">\n<\/div>\n<div style=\"text-align: justify;\">\n\u2022 N\u00e3o sabe\/n\u00e3o respondeu: 45%<\/div>\n<div style=\"text-align: justify;\">\n<\/div>\n<div style=\"text-align: justify;\">\nO Ibope tamb\u00e9m mediu a taxa de rejei\u00e7\u00e3o (o eleitor deve dizer em qual dos candidatos n\u00e3o votaria de jeito nenhum). Nesse item, os entrevistados puderam escolher mais de um nome. Veja os \u00edndices:<\/div>\n<div style=\"text-align: justify;\">\n<\/div>\n<div style=\"text-align: justify;\">\n\u2022 Paulo C\u00e2mara (PSB): 33%<\/div>\n<div style=\"text-align: justify;\">\n<\/div>\n<div style=\"text-align: justify;\">\n\u2022 Ana Patr\u00edcia Alves (PCO): 25%<\/div>\n<div style=\"text-align: justify;\">\n<\/div>\n<div style=\"text-align: justify;\">\n\u2022 Armando Monteiro (PTB): 24%<\/div>\n<div style=\"text-align: justify;\">\n<\/div>\n<div style=\"text-align: justify;\">\n\u2022 Dani Portela (PSOL): 24%<\/div>\n<div style=\"text-align: justify;\">\n<\/div>\n<div style=\"text-align: justify;\">\n\u2022 Julio Lossio (Rede): 23%<\/div>\n<div style=\"text-align: justify;\">\n<\/div>\n<div style=\"text-align: justify;\">\n\u2022 Simone Fontana (PSTU): 22%<\/div>\n<div style=\"text-align: justify;\">\n<\/div>\n<div style=\"text-align: justify;\">\n\u2022 Maur\u00edcio Rands (PROS): 20%<\/div>\n<div style=\"text-align: justify;\">\n<\/div>\n<div style=\"text-align: justify;\">\n\u2022 Poderia votar em todos: 3%<\/div>\n<div style=\"text-align: justify;\">\n<\/div>\n<div style=\"text-align: justify;\">\n\u2022 N\u00e3o sabe\/n\u00e3o respondeu: 18%<\/div>\n<div style=\"text-align: justify;\">\n<\/div>\n","protected":false},"excerpt":{"rendered":"<p>Do G1 Pernambuco Pesquisa Ibope divulgada nesta quarta-feira (5) aponta os seguintes percentuais de inten\u00e7\u00e3o de voto para o governo&hellip;<\/p>\n","protected":false},"author":1,"featured_media":0,"comment_status":"open","ping_status":"open","sticky":false,"template":"","format":"standard","meta":{"footnotes":""},"categories":[1],"tags":[1355,1356,2,1357,20],"class_list":["post-1380","post","type-post","status-publish","format-standard","hentry","category-sem-categoria","tag-1355","tag-33-armando-monteiro","tag-blog-do-edvaldo-magalhaes","tag-pesquisa-ibope-em-pernambuco-paulo-camara","tag-politica"],"_links":{"self":[{"href":"https:\/\/blogdoedvaldomagalhaes.com.br\/index.php\/wp-json\/wp\/v2\/posts\/1380","targetHints":{"allow":["GET"]}}],"collection":[{"href":"https:\/\/blogdoedvaldomagalhaes.com.br\/index.php\/wp-json\/wp\/v2\/posts"}],"about":[{"href":"https:\/\/blogdoedvaldomagalhaes.com.br\/index.php\/wp-json\/wp\/v2\/types\/post"}],"author":[{"embeddable":true,"href":"https:\/\/blogdoedvaldomagalhaes.com.br\/index.php\/wp-json\/wp\/v2\/users\/1"}],"replies":[{"embeddable":true,"href":"https:\/\/blogdoedvaldomagalhaes.com.br\/index.php\/wp-json\/wp\/v2\/comments?post=1380"}],"version-history":[{"count":1,"href":"https:\/\/blogdoedvaldomagalhaes.com.br\/index.php\/wp-json\/wp\/v2\/posts\/1380\/revisions"}],"predecessor-version":[{"id":33900,"href":"https:\/\/blogdoedvaldomagalhaes.com.br\/index.php\/wp-json\/wp\/v2\/posts\/1380\/revisions\/33900"}],"wp:attachment":[{"href":"https:\/\/blogdoedvaldomagalhaes.com.br\/index.php\/wp-json\/wp\/v2\/media?parent=1380"}],"wp:term":[{"taxonomy":"category","embeddable":true,"href":"https:\/\/blogdoedvaldomagalhaes.com.br\/index.php\/wp-json\/wp\/v2\/categories?post=1380"},{"taxonomy":"post_tag","embeddable":true,"href":"https:\/\/blogdoedvaldomagalhaes.com.br\/index.php\/wp-json\/wp\/v2\/tags?post=1380"}],"curies":[{"name":"wp","href":"https:\/\/api.w.org\/{rel}","templated":true}]}}