{"id":1378,"date":"2018-09-05T22:51:00","date_gmt":"2018-09-06T01:51:00","guid":{"rendered":"http:\/\/blogdoedvaldomagalhaes.com.br\/index.php\/2018\/09\/05\/cinquenta-conteineres-sao-instalados-e\/"},"modified":"2019-02-09T02:30:16","modified_gmt":"2019-02-09T04:30:16","slug":"cinquenta-conteineres-sao-instalados-e","status":"publish","type":"post","link":"https:\/\/blogdoedvaldomagalhaes.com.br\/index.php\/2018\/09\/05\/cinquenta-conteineres-sao-instalados-e\/","title":{"rendered":"Cinquenta cont\u00eaineres s\u00e3o instalados em pontos estrat\u00e9gicos de Caruaru"},"content":{"rendered":"<div class=\"separator\" style=\"clear: both; text-align: center;\">\n<\/div>\n<p><a href=\"https:\/\/4.bp.blogspot.com\/-1vvntcX2qJY\/W5BdrpfcDAI\/AAAAAAAA5ho\/u09Lpv8xXG0lOwPMapnztdi7OPjmrXnVwCLcBGAs\/s1600\/prefew%2B1.jpg\" imageanchor=\"1\" style=\"margin-left: 1em; margin-right: 1em; text-align: center;\"><img loading=\"lazy\" decoding=\"async\" border=\"0\" data-original-height=\"512\" data-original-width=\"512\" height=\"640\" src=\"http:\/\/blogdoedvaldomagalhaes.com.br\/wp-content\/uploads\/2018\/09\/prefew1.jpg\" width=\"640\" \/><\/a><\/p>\n<div style=\"text-align: justify;\">\nA Prefeitura de Caruaru, por meio da Secretaria de Servi\u00e7os P\u00fablicos (SESP), instalou um total de 50 cont\u00eaineres para aloca\u00e7\u00e3o de lixo dom\u00e9stico em locais estrat\u00e9gicos da cidade. A a\u00e7\u00e3o faz parte da implanta\u00e7\u00e3o do sistema de conteineriza\u00e7\u00e3o do lixo, que teve in\u00edcio desde o dia 18 de abril.Com estas novas instala\u00e7\u00f5es, foram beneficiados 13 bairros, sendo eles: Boa Vista, Panorama, Santa Rosa, Salgado, S\u00e3o Jo\u00e3o da Esc\u00f3cia, Maur\u00edcio de Nassau, Petr\u00f3polis, Severino Afonso, Centen\u00e1rio, Jo\u00e3o Mota, Rendeiras, Indian\u00f3polis, Riach\u00e3o. A previs\u00e3o \u00e9 que as instala\u00e7\u00f5es continuem por toda cidade, contemplando outros bairros.<\/div>\n<p><\/p>\n","protected":false},"excerpt":{"rendered":"<p>A Prefeitura de Caruaru, por meio da Secretaria de Servi\u00e7os P\u00fablicos (SESP), instalou um total de 50 cont\u00eaineres para aloca\u00e7\u00e3o&hellip;<\/p>\n","protected":false},"author":1,"featured_media":0,"comment_status":"open","ping_status":"open","sticky":false,"template":"","format":"standard","meta":{"footnotes":""},"categories":[1],"tags":[2,1353,6],"class_list":["post-1378","post","type-post","status-publish","format-standard","hentry","category-sem-categoria","tag-blog-do-edvaldo-magalhaes","tag-cinquenta-conteineres-sao-instalados-em-pontos-estrategicos-de-caruaru","tag-noticias"],"_links":{"self":[{"href":"https:\/\/blogdoedvaldomagalhaes.com.br\/index.php\/wp-json\/wp\/v2\/posts\/1378","targetHints":{"allow":["GET"]}}],"collection":[{"href":"https:\/\/blogdoedvaldomagalhaes.com.br\/index.php\/wp-json\/wp\/v2\/posts"}],"about":[{"href":"https:\/\/blogdoedvaldomagalhaes.com.br\/index.php\/wp-json\/wp\/v2\/types\/post"}],"author":[{"embeddable":true,"href":"https:\/\/blogdoedvaldomagalhaes.com.br\/index.php\/wp-json\/wp\/v2\/users\/1"}],"replies":[{"embeddable":true,"href":"https:\/\/blogdoedvaldomagalhaes.com.br\/index.php\/wp-json\/wp\/v2\/comments?post=1378"}],"version-history":[{"count":1,"href":"https:\/\/blogdoedvaldomagalhaes.com.br\/index.php\/wp-json\/wp\/v2\/posts\/1378\/revisions"}],"predecessor-version":[{"id":33904,"href":"https:\/\/blogdoedvaldomagalhaes.com.br\/index.php\/wp-json\/wp\/v2\/posts\/1378\/revisions\/33904"}],"wp:attachment":[{"href":"https:\/\/blogdoedvaldomagalhaes.com.br\/index.php\/wp-json\/wp\/v2\/media?parent=1378"}],"wp:term":[{"taxonomy":"category","embeddable":true,"href":"https:\/\/blogdoedvaldomagalhaes.com.br\/index.php\/wp-json\/wp\/v2\/categories?post=1378"},{"taxonomy":"post_tag","embeddable":true,"href":"https:\/\/blogdoedvaldomagalhaes.com.br\/index.php\/wp-json\/wp\/v2\/tags?post=1378"}],"curies":[{"name":"wp","href":"https:\/\/api.w.org\/{rel}","templated":true}]}}