{"id":1377,"date":"2018-09-05T22:53:00","date_gmt":"2018-09-06T01:53:00","guid":{"rendered":"http:\/\/blogdoedvaldomagalhaes.com.br\/index.php\/2018\/09\/05\/inscricoes-abertas-para-o-pedala\/"},"modified":"2019-02-09T02:30:18","modified_gmt":"2019-02-09T04:30:18","slug":"inscricoes-abertas-para-o-pedala","status":"publish","type":"post","link":"https:\/\/blogdoedvaldomagalhaes.com.br\/index.php\/2018\/09\/05\/inscricoes-abertas-para-o-pedala\/","title":{"rendered":"Inscri\u00e7\u00f5es abertas para o Pedala Caruaru ano II"},"content":{"rendered":"<div class=\"separator\" style=\"clear: both; text-align: center;\">\n<a href=\"https:\/\/2.bp.blogspot.com\/-oKcMQZn1TjM\/W5BeW4l1CUI\/AAAAAAAA5h0\/_wcqXtYJf_YdrTUBxaVW51-GfUBg9takACLcBGAs\/s1600\/pedal.jpg\" imageanchor=\"1\" style=\"margin-left: 1em; margin-right: 1em;\"><img loading=\"lazy\" decoding=\"async\" border=\"0\" data-original-height=\"660\" data-original-width=\"660\" height=\"640\" src=\"http:\/\/blogdoedvaldomagalhaes.com.br\/wp-content\/uploads\/2018\/09\/pedal.jpg\" width=\"640\" \/><\/a><\/div>\n<div style=\"text-align: justify;\">\n<\/div>\n<div style=\"text-align: justify;\">\nA Autarquia Municipal de Defesa Social, Tr\u00e2nsito e Transportes (Destra) realiza, no dia 23 de setembro, a segunda edi\u00e7\u00e3o do Pedala Caruaru. O evento re\u00fane ciclistas para um percurso de 10 Km pelas ruas de Caruaru, com a proposta de incentivar a mobilidade ativa. As inscri\u00e7\u00f5es para o Pedala s\u00e3o dois quilos de alimentos n\u00e3o perec\u00edveis, e devem ser feitas no site http:\/\/www.destra.pe.gov.br\/ at\u00e9 o pr\u00f3ximo dia 16. Os 300 primeiros inscritos ganham uma camisa do Pedala Caruaru.<\/div>\n<div style=\"text-align: justify;\">\n<\/div>\n<div style=\"text-align: justify;\">\nAp\u00f3s a inscri\u00e7\u00e3o no site, os alimentos dever\u00e3o ser entregues na loja EQ-Bike, localizada na rua Deolindo Tavares, 381, Maur\u00edcio de Nassau, entre os dias 18 e 22 deste m\u00eas. A loja funciona de segunda a sexta, das 9h \u00e0s 12h e das 14h30 \u00e0s 19h, e aos s\u00e1bados das 9h \u00e0s 13h. Os alimentos arrecadados ser\u00e3o doados a uma institui\u00e7\u00e3o de caridade.<\/div>\n<div style=\"text-align: justify;\">\n<\/div>\n<div style=\"text-align: justify;\">\nO Pedala Caruaru faz parte da programa\u00e7\u00e3o da Semana Nacional de Tr\u00e2nsito 2018 e \u00e9 uma realiza\u00e7\u00e3o da Destra, com apoio dos grupos Pedalar Sempre, Pedala Mais, Pedal Livre, As f\u00eanix do Pedal e loja EQ-Bike.<\/div>\n<div style=\"text-align: justify;\">\n<\/div>\n<div style=\"text-align: justify;\">\nA concentra\u00e7\u00e3o do Pedala Caruaru acontece a partir das 7h, na Esta\u00e7\u00e3o Ferrovi\u00e1ria, em frente ao Grande Hotel.<\/div>\n","protected":false},"excerpt":{"rendered":"<p>A Autarquia Municipal de Defesa Social, Tr\u00e2nsito e Transportes (Destra) realiza, no dia 23 de setembro, a segunda edi\u00e7\u00e3o do&hellip;<\/p>\n","protected":false},"author":1,"featured_media":0,"comment_status":"open","ping_status":"open","sticky":false,"template":"","format":"standard","meta":{"footnotes":""},"categories":[1],"tags":[2,1352,6],"class_list":["post-1377","post","type-post","status-publish","format-standard","hentry","category-sem-categoria","tag-blog-do-edvaldo-magalhaes","tag-inscricoes-abertas-para-o-pedala-caruaru-ano-ii","tag-noticias"],"_links":{"self":[{"href":"https:\/\/blogdoedvaldomagalhaes.com.br\/index.php\/wp-json\/wp\/v2\/posts\/1377","targetHints":{"allow":["GET"]}}],"collection":[{"href":"https:\/\/blogdoedvaldomagalhaes.com.br\/index.php\/wp-json\/wp\/v2\/posts"}],"about":[{"href":"https:\/\/blogdoedvaldomagalhaes.com.br\/index.php\/wp-json\/wp\/v2\/types\/post"}],"author":[{"embeddable":true,"href":"https:\/\/blogdoedvaldomagalhaes.com.br\/index.php\/wp-json\/wp\/v2\/users\/1"}],"replies":[{"embeddable":true,"href":"https:\/\/blogdoedvaldomagalhaes.com.br\/index.php\/wp-json\/wp\/v2\/comments?post=1377"}],"version-history":[{"count":1,"href":"https:\/\/blogdoedvaldomagalhaes.com.br\/index.php\/wp-json\/wp\/v2\/posts\/1377\/revisions"}],"predecessor-version":[{"id":33906,"href":"https:\/\/blogdoedvaldomagalhaes.com.br\/index.php\/wp-json\/wp\/v2\/posts\/1377\/revisions\/33906"}],"wp:attachment":[{"href":"https:\/\/blogdoedvaldomagalhaes.com.br\/index.php\/wp-json\/wp\/v2\/media?parent=1377"}],"wp:term":[{"taxonomy":"category","embeddable":true,"href":"https:\/\/blogdoedvaldomagalhaes.com.br\/index.php\/wp-json\/wp\/v2\/categories?post=1377"},{"taxonomy":"post_tag","embeddable":true,"href":"https:\/\/blogdoedvaldomagalhaes.com.br\/index.php\/wp-json\/wp\/v2\/tags?post=1377"}],"curies":[{"name":"wp","href":"https:\/\/api.w.org\/{rel}","templated":true}]}}