{"id":1376,"date":"2018-09-05T22:56:00","date_gmt":"2018-09-06T01:56:00","guid":{"rendered":"http:\/\/blogdoedvaldomagalhaes.com.br\/index.php\/2018\/09\/05\/asec-caruaru-contrata-novo-tecnico\/"},"modified":"2019-02-09T02:30:19","modified_gmt":"2019-02-09T04:30:19","slug":"asec-caruaru-contrata-novo-tecnico","status":"publish","type":"post","link":"https:\/\/blogdoedvaldomagalhaes.com.br\/index.php\/2018\/09\/05\/asec-caruaru-contrata-novo-tecnico\/","title":{"rendered":"ASEC Caruaru contrata novo t\u00e9cnico"},"content":{"rendered":"<div class=\"separator\" style=\"clear: both; text-align: center;\">\n<\/div>\n<div class=\"separator\" style=\"clear: both; text-align: center;\">\n<a href=\"https:\/\/4.bp.blogspot.com\/-Qs1UMb3ztek\/W5Be0aL2OGI\/AAAAAAAA5iA\/4F7TIaAn7RUacML3L2UokiI8PKzhEixigCLcBGAs\/s1600\/t%25C3%25A9cnico.jpg\" imageanchor=\"1\" style=\"margin-left: 1em; margin-right: 1em;\"><img loading=\"lazy\" decoding=\"async\" border=\"0\" data-original-height=\"341\" data-original-width=\"512\" height=\"426\" src=\"http:\/\/blogdoedvaldomagalhaes.com.br\/wp-content\/uploads\/2018\/09\/tC3A9cnico.jpg\" width=\"640\" \/><\/a><\/div>\n<p><\/p>\n<div style=\"background-color: white; text-align: justify;\">\nA Asec anunciou nesta ter\u00e7a-feira (04), a contrata\u00e7\u00e3o de um novo t\u00e9cnico para o t\u00e9rmino da temporada 2018.&nbsp; Trata-se do experiente Vanildo Neto, que j\u00e1 teve passagens pelo Sport e o Tigre, ambas as equipes do futsal. O novo treinador substitui Chokito, que estava no comando da equipe desde 2017.<\/div>\n<div style=\"background-color: white; text-align: justify;\">\n<\/div>\n<div style=\"background-color: white; text-align: justify;\">\nNeto, falou sobre a expectativa de assumir o comando do time caruaruense, \u201cSer\u00e1 uma honra fazer parte da Asec e vamos dar continuidade ao trabalho que vinha sendo desenvolvido e esperamos conquistar t\u00edtulos para a associa\u00e7\u00e3o. J\u00e1 conhe\u00e7o o time e tem bastante qualidade, al\u00e9m, do projeto que \u00e9 bem bacana.\u00c9 um desafio bacana\u201d, disse.<\/div>\n<div style=\"background-color: white; text-align: justify;\">\n<\/div>\n<div style=\"background-color: white; text-align: justify;\">\nO novo t\u00e9cnico j\u00e1 tem v\u00e1rias conquistas no curr\u00edculo, entre as principais, cinco vezes campe\u00e3o da Ta\u00e7a Brasil de Futsal &#8211; categoria de base, Brasileiro de Sele\u00e7\u00f5es, dois Brasileiros Escolares e Universit\u00e1rios, um Mundial Universit\u00e1rio pela Sele\u00e7\u00e3o Brasileira e um Sul-Americano.&nbsp;<\/div>\n<div style=\"background-color: white; text-align: justify;\">\n<\/div>\n<div style=\"background-color: white; text-align: justify;\">\nNeto j\u00e1 comanda o primeiro treino nesta quarta-feira (05), no Gin\u00e1sio do Sesc. A estreia ser\u00e1 no pr\u00f3ximo s\u00e1bado (08), contra a equipe de Nazar\u00e9 da Mata, fora de casa, pela terceira rodada do Campeonato Pernambuco.<\/div>\n<div style=\"background-color: white; text-align: justify;\">\n<\/div>\n","protected":false},"excerpt":{"rendered":"<p>A Asec anunciou nesta ter\u00e7a-feira (04), a contrata\u00e7\u00e3o de um novo t\u00e9cnico para o t\u00e9rmino da temporada 2018.&nbsp; Trata-se do&hellip;<\/p>\n","protected":false},"author":1,"featured_media":0,"comment_status":"open","ping_status":"open","sticky":false,"template":"","format":"standard","meta":{"footnotes":""},"categories":[1],"tags":[1351,2,3],"class_list":["post-1376","post","type-post","status-publish","format-standard","hentry","category-sem-categoria","tag-asec-caruaru-contrata-novo-tecnico","tag-blog-do-edvaldo-magalhaes","tag-futebol"],"_links":{"self":[{"href":"https:\/\/blogdoedvaldomagalhaes.com.br\/index.php\/wp-json\/wp\/v2\/posts\/1376","targetHints":{"allow":["GET"]}}],"collection":[{"href":"https:\/\/blogdoedvaldomagalhaes.com.br\/index.php\/wp-json\/wp\/v2\/posts"}],"about":[{"href":"https:\/\/blogdoedvaldomagalhaes.com.br\/index.php\/wp-json\/wp\/v2\/types\/post"}],"author":[{"embeddable":true,"href":"https:\/\/blogdoedvaldomagalhaes.com.br\/index.php\/wp-json\/wp\/v2\/users\/1"}],"replies":[{"embeddable":true,"href":"https:\/\/blogdoedvaldomagalhaes.com.br\/index.php\/wp-json\/wp\/v2\/comments?post=1376"}],"version-history":[{"count":1,"href":"https:\/\/blogdoedvaldomagalhaes.com.br\/index.php\/wp-json\/wp\/v2\/posts\/1376\/revisions"}],"predecessor-version":[{"id":33908,"href":"https:\/\/blogdoedvaldomagalhaes.com.br\/index.php\/wp-json\/wp\/v2\/posts\/1376\/revisions\/33908"}],"wp:attachment":[{"href":"https:\/\/blogdoedvaldomagalhaes.com.br\/index.php\/wp-json\/wp\/v2\/media?parent=1376"}],"wp:term":[{"taxonomy":"category","embeddable":true,"href":"https:\/\/blogdoedvaldomagalhaes.com.br\/index.php\/wp-json\/wp\/v2\/categories?post=1376"},{"taxonomy":"post_tag","embeddable":true,"href":"https:\/\/blogdoedvaldomagalhaes.com.br\/index.php\/wp-json\/wp\/v2\/tags?post=1376"}],"curies":[{"name":"wp","href":"https:\/\/api.w.org\/{rel}","templated":true}]}}