{"id":1375,"date":"2018-09-06T10:22:00","date_gmt":"2018-09-06T13:22:00","guid":{"rendered":"http:\/\/blogdoedvaldomagalhaes.com.br\/index.php\/2018\/09\/06\/quase-mil-presos-ganham-direito-saida\/"},"modified":"2019-02-09T02:30:19","modified_gmt":"2019-02-09T04:30:19","slug":"quase-mil-presos-ganham-direito-saida","status":"publish","type":"post","link":"https:\/\/blogdoedvaldomagalhaes.com.br\/index.php\/2018\/09\/06\/quase-mil-presos-ganham-direito-saida\/","title":{"rendered":"Quase mil presos ganham direito \u00e0 sa\u00edda tempor\u00e1ria em Pernambuco a partir desta quinta-feira"},"content":{"rendered":"<div class=\"separator\" style=\"clear: both; text-align: center;\">\n<a href=\"https:\/\/3.bp.blogspot.com\/-0GIrjw-9cRc\/W5D_16VLEUI\/AAAAAAAA5iQ\/t6s-FLArxgMIEePDEsyWw4imBTXu_h-IwCLcBGAs\/s1600\/folha.jpg\" imageanchor=\"1\" style=\"margin-left: 1em; margin-right: 1em;\"><img loading=\"lazy\" decoding=\"async\" border=\"0\" data-original-height=\"365\" data-original-width=\"475\" height=\"490\" src=\"http:\/\/blogdoedvaldomagalhaes.com.br\/wp-content\/uploads\/2018\/09\/folha.jpg\" width=\"640\" \/><\/a><\/div>\n<div class=\"separator\" style=\"clear: both; text-align: center;\">\nRafael Furtado\/Arquivo Folha<\/div>\n<div style=\"background-color: white; box-sizing: border-box; line-height: 24px; margin-bottom: 10px; text-align: justify;\">\n<\/div>\n<div style=\"background-color: white; box-sizing: border-box; line-height: 24px; margin-bottom: 10px; text-align: justify;\">\nA partir desta quinta-feira (05) at\u00e9 a pr\u00f3xima quarta-feira (12), 987&nbsp;presos do regime semiaberto de Pernambuco ter\u00e3o direito \u00e0 sa\u00edda tempor\u00e1ria. As informa\u00e7\u00f5es s\u00e3o da&nbsp;Secretaria Executiva de Ressocializa\u00e7\u00e3o (Seres)<strong style=\"box-sizing: border-box;\">,<\/strong>&nbsp;que ressaltou a rotina da a\u00e7\u00e3o, de acordo com o&nbsp;calend\u00e1rio anual de salvo-conduto tempor\u00e1rio, elaborado e validado na&nbsp;C\u00e2mara de Articula\u00e7\u00e3o do Poder Judici\u00e1rio, Minist\u00e9rio P\u00fablico e Defensoria P\u00fablica.<\/div>\n<div style=\"background-color: white; box-sizing: border-box; line-height: 24px; margin-bottom: 10px; text-align: justify;\">\nAinda de acordo com a Seres, os presos s\u00e3o do grupo 1, onde se encaixa o crime de&nbsp;homic\u00eddio. Eles s\u00e3o de Unidades do Regime Semiaberto de todo o Estado e ser\u00e3o monitorados por&nbsp;tornozeleiras eletr\u00f4nicas.<\/div>\n<div style=\"background-color: white; box-sizing: border-box; line-height: 24px; margin-bottom: 10px; text-align: justify;\">\nEm Pernambuco est\u00e3o dispon\u00edveis 4.400 tornozeleiras e, em m\u00e9dia, 2.300 s\u00e3o utilizadas mensalmente nas diversas modalidades de regime.&nbsp;Em agosto, outro grupo tamb\u00e9m foi liberado por sete dias, de acordo com o calend\u00e1rio anual.<\/p>\n<p>Informa\u00e7\u00f5es da R\u00e1dio Liberdade.<\/p><\/div>\n","protected":false},"excerpt":{"rendered":"<p>Rafael Furtado\/Arquivo Folha A partir desta quinta-feira (05) at\u00e9 a pr\u00f3xima quarta-feira (12), 987&nbsp;presos do regime semiaberto de Pernambuco ter\u00e3o&hellip;<\/p>\n","protected":false},"author":1,"featured_media":0,"comment_status":"open","ping_status":"open","sticky":false,"template":"","format":"standard","meta":{"footnotes":""},"categories":[1],"tags":[2,13,1350],"class_list":["post-1375","post","type-post","status-publish","format-standard","hentry","category-sem-categoria","tag-blog-do-edvaldo-magalhaes","tag-policial","tag-quase-mil-presos-ganham-direito-a-saida-temporaria-em-pernambuco-a-partir-desta-quinta-feira"],"_links":{"self":[{"href":"https:\/\/blogdoedvaldomagalhaes.com.br\/index.php\/wp-json\/wp\/v2\/posts\/1375","targetHints":{"allow":["GET"]}}],"collection":[{"href":"https:\/\/blogdoedvaldomagalhaes.com.br\/index.php\/wp-json\/wp\/v2\/posts"}],"about":[{"href":"https:\/\/blogdoedvaldomagalhaes.com.br\/index.php\/wp-json\/wp\/v2\/types\/post"}],"author":[{"embeddable":true,"href":"https:\/\/blogdoedvaldomagalhaes.com.br\/index.php\/wp-json\/wp\/v2\/users\/1"}],"replies":[{"embeddable":true,"href":"https:\/\/blogdoedvaldomagalhaes.com.br\/index.php\/wp-json\/wp\/v2\/comments?post=1375"}],"version-history":[{"count":1,"href":"https:\/\/blogdoedvaldomagalhaes.com.br\/index.php\/wp-json\/wp\/v2\/posts\/1375\/revisions"}],"predecessor-version":[{"id":33910,"href":"https:\/\/blogdoedvaldomagalhaes.com.br\/index.php\/wp-json\/wp\/v2\/posts\/1375\/revisions\/33910"}],"wp:attachment":[{"href":"https:\/\/blogdoedvaldomagalhaes.com.br\/index.php\/wp-json\/wp\/v2\/media?parent=1375"}],"wp:term":[{"taxonomy":"category","embeddable":true,"href":"https:\/\/blogdoedvaldomagalhaes.com.br\/index.php\/wp-json\/wp\/v2\/categories?post=1375"},{"taxonomy":"post_tag","embeddable":true,"href":"https:\/\/blogdoedvaldomagalhaes.com.br\/index.php\/wp-json\/wp\/v2\/tags?post=1375"}],"curies":[{"name":"wp","href":"https:\/\/api.w.org\/{rel}","templated":true}]}}