{"id":137,"date":"2019-01-23T15:26:00","date_gmt":"2019-01-23T17:26:00","guid":{"rendered":"http:\/\/blogdoedvaldomagalhaes.com.br\/index.php\/2019\/01\/23\/tamandare-fevers-e-dudu-do-acordeon\/"},"modified":"2019-02-09T02:50:30","modified_gmt":"2019-02-09T04:50:30","slug":"tamandare-fevers-e-dudu-do-acordeon","status":"publish","type":"post","link":"https:\/\/blogdoedvaldomagalhaes.com.br\/index.php\/2019\/01\/23\/tamandare-fevers-e-dudu-do-acordeon\/","title":{"rendered":"Tamandar\u00e9: The Fevers e Dudu do Acordeon animam Dia da Consci\u00eancia Crist\u00e3"},"content":{"rendered":"<p><\/p>\n<div class=\"separator\" style=\"clear: both; text-align: center;\">\n<a href=\"https:\/\/3.bp.blogspot.com\/-0qkjj-fRRdM\/XEiHGFNIa6I\/AAAAAAABBcE\/Du9buBLREMUAMQNGsk3Gks7H3bIiGMEBgCLcBGAs\/s1600\/feveres.jpg\" imageanchor=\"1\" style=\"margin-left: 1em; margin-right: 1em;\"><img loading=\"lazy\" decoding=\"async\" border=\"0\" data-original-height=\"1067\" data-original-width=\"1600\" height=\"426\" src=\"http:\/\/blogdoedvaldomagalhaes.com.br\/wp-content\/uploads\/2019\/01\/feveres.jpg\" width=\"640\" \/><\/a><\/div>\n<div class=\"MsoNormal\" style=\"background: white; margin-bottom: 10.0pt; mso-line-height-alt: 12.65pt; text-align: justify;\">\n<\/div>\n<div class=\"MsoNormal\" style=\"background: white; margin-bottom: 10.0pt; mso-line-height-alt: 12.65pt; text-align: justify;\">\nNeste s\u00e1bado (26), moradores e<br \/>\nturistas de Tamandar\u00e9, no Litoral Sul do Estado, unir\u00e3o&nbsp;solidariedade e<br \/>\nlouvor para ajudar cerca de 500 crian\u00e7as e adolescentes no munic\u00edpio. A&nbsp;Arena<br \/>\nTamandar\u00e9 Fest recebe, a partir das 15h, o Dia da Consci\u00eancia Crist\u00e3, evento<br \/>\npromovido pela Par\u00f3quia de S\u00e3o Pedro e liderado pelo Padre Arlindo. A<br \/>\ncelebra\u00e7\u00e3o j\u00e1 faz parte do calend\u00e1rio tur\u00edstico do litoral sul e contar\u00e1 com<br \/>\nshows de The Fevers, Santanna e Dudu do Acordeon, al\u00e9m de Dalvimar Gallo, Anna<br \/>\nAlves e participa\u00e7\u00e3o especial de Victor Le\u00e3o.<\/div>\n<div class=\"separator\" style=\"clear: both; text-align: center;\">\n<a href=\"https:\/\/1.bp.blogspot.com\/-3sY-dPjFFjE\/XEiHMNaMf6I\/AAAAAAABBcI\/i5vHH4T2EXIXxcmxsUgwVYBr8H5t0Sy2wCLcBGAs\/s1600\/santana.jpg\" imageanchor=\"1\" style=\"margin-left: 1em; margin-right: 1em;\"><img loading=\"lazy\" decoding=\"async\" border=\"0\" data-original-height=\"576\" data-original-width=\"1024\" height=\"360\" src=\"http:\/\/blogdoedvaldomagalhaes.com.br\/wp-content\/uploads\/2019\/01\/santana.jpg\" width=\"640\" \/><\/a><\/div>\n<div class=\"MsoNormal\" style=\"background: white; margin-bottom: 10.0pt; mso-line-height-alt: 12.65pt; text-align: justify;\">\n<\/div>\n<div class=\"MsoNormal\" style=\"background: white; margin-bottom: 10.0pt; mso-line-height-alt: 12.65pt; text-align: justify;\">\nO vento \u00e9 realizado anualmente<br \/>\ncom o intuito de evangelizar e celebrar a vida, al\u00e9m de garantir a continuidade<br \/>\nde dois projetos sociais no munic\u00edpio. O primeiro deles \u00e9 a Associa\u00e7\u00e3o Padre<br \/>\nArlindo atua diretamente na cria\u00e7\u00e3o e desenvolvimento de projetos sociais,<br \/>\nculturais e religiosos, sempre incentivando a cultura e educa\u00e7\u00e3o, prestando<br \/>\napoio e orienta\u00e7\u00e3o \u00e0 comunidade carente da regi\u00e3o.<\/div>\n<div class=\"separator\" style=\"clear: both; text-align: center;\">\n<a href=\"https:\/\/4.bp.blogspot.com\/-55-qN2bTymA\/XEiHYXHr5WI\/AAAAAAABBcQ\/cQnm6-UVp5MfDWf9W-roFfl6WVtRqE9qwCLcBGAs\/s1600\/ca%25C3%25ADeira.jpg\" imageanchor=\"1\" style=\"margin-left: 1em; margin-right: 1em;\"><img loading=\"lazy\" decoding=\"async\" border=\"0\" data-original-height=\"1067\" data-original-width=\"1600\" height=\"426\" src=\"http:\/\/blogdoedvaldomagalhaes.com.br\/wp-content\/uploads\/2019\/01\/caC3ADeira.jpg\" width=\"640\" \/><\/a><\/div>\n<div class=\"MsoNormal\" style=\"background: white; margin-bottom: 10.0pt; mso-line-height-alt: 12.65pt; text-align: justify;\">\n<\/div>\n<div class=\"MsoNormal\" style=\"background: white; margin-bottom: 10.0pt; mso-line-height-alt: 12.65pt; text-align: justify;\">\nAtrav\u00e9s dela, foi poss\u00edvel<br \/>\ndisponibilizar cerca de 3.000 atendimentos m\u00e9dicos, fisioter\u00e1picos,<br \/>\nodontol\u00f3gicos e psicol\u00f3gicos, bem como a orienta\u00e7\u00e3o jur\u00eddica e nutricional,<br \/>\natrav\u00e9s do trabalho volunt\u00e1rio de mais de 30 profissionais atuantes. O segundo<br \/>\ntrabalho \u00e9 o Projeto Tamandar\u00e9, realizado na Associa\u00e7\u00e3o Padre Enzo, que assiste<br \/>\naproximadamente 500 crian\u00e7as, onde presta o servi\u00e7o de Creche, trabalhando a<br \/>\nEduca\u00e7\u00e3o Infantil, com crian\u00e7as de idade 02 a 06 anos e no sistema de<br \/>\ncontraturno, chegando a atender metade de todas as crian\u00e7as do munic\u00edpio em<br \/>\nidade de educa\u00e7\u00e3o infantil; al\u00e9m disso, atende com jovens de 07 a 15 anos, onde<br \/>\ns\u00e3o realizados cursos de empreendedorismo e horta, empreendedorismo e padaria,<br \/>\nempreendedorismo e gastronomia e refor\u00e7o escolar.<\/div>\n<div class=\"separator\" style=\"clear: both; text-align: center;\">\n<a href=\"https:\/\/2.bp.blogspot.com\/-TfUTX4fOqWs\/XEiHi-gP_YI\/AAAAAAABBcY\/iXrZo7GBw_UaY_h39YLFWReNre7SNeeCQCLcBGAs\/s1600\/mesa.jpg\" imageanchor=\"1\" style=\"margin-left: 1em; margin-right: 1em;\"><img loading=\"lazy\" decoding=\"async\" border=\"0\" data-original-height=\"1067\" data-original-width=\"1600\" height=\"426\" src=\"http:\/\/blogdoedvaldomagalhaes.com.br\/wp-content\/uploads\/2019\/01\/mesa.jpg\" width=\"640\" \/><\/a><\/div>\n<div class=\"MsoNormal\" style=\"background: white; margin-bottom: 10.0pt; mso-line-height-alt: 12.65pt; text-align: justify;\">\n<\/div>\n<div class=\"MsoNormal\" style=\"background: white; margin-bottom: 10.0pt; mso-line-height-alt: 12.65pt; text-align: justify;\">\nDe acordo com o gerente<br \/>\nexecutivo do Projeto Tamandar\u00e9, Giorgio Curreri, a sa\u00edda cont\u00ednua de padrinhos<br \/>\nitalianos est\u00e1 dificultando a manuten\u00e7\u00e3o dos projetos. \u201cJ\u00e1 chegamos a 100% de<br \/>\ncobertura das atividades somente com os apadrinhamentos. Hoje, infelizmente,<br \/>\nesse n\u00famero n\u00e3o chega a 25% do valor necess\u00e1rio para a nossa atua\u00e7\u00e3o.<br \/>\nPrecisamos ampliar a arrecada\u00e7\u00e3o de recursos localmente e o Dia da Consci\u00eancia<br \/>\nCrist\u00e3 \u00e9 uma das nossas principais fontes de arrecada\u00e7\u00e3o\u201d, explicou.&nbsp;<\/div>\n<div class=\"MsoNormal\" style=\"background: white; margin-bottom: 10.0pt; mso-line-height-alt: 12.65pt; text-align: justify;\">\nOs ingressos para a sexta<br \/>\nedi\u00e7\u00e3o do Dia da Consci\u00eancia Crist\u00e3 custam R$ 30 e est\u00e3o \u00e0 venda no Quiosque<br \/>\nIngressos Prime do Shopping RioMar, no Recife; nas lojas Colcci dos shoppings<br \/>\nDifusora e Caruaru e na Banca 3\u00ba Mundo, em Caruaru; e nos supermercados Sete<br \/>\nMares &amp; Verdes Mares, Ponto Cell Multimarcas, Loja Ponto em Conta e<br \/>\nSecretaria da par\u00f3quia, em Tamandar\u00e9.&nbsp;&nbsp;<\/div>\n<div class=\"MsoNormal\" style=\"background: white; margin-bottom: 10.0pt; mso-line-height-alt: 12.65pt; text-align: justify;\">\nInforma\u00e7\u00f5es: Catharina e&nbsp;Maria Helena\/Assessoria de Imprensa.&nbsp;<\/div>\n<div class=\"MsoNormal\" style=\"background: white; margin-bottom: 10.0pt; mso-line-height-alt: 12.65pt; text-align: justify;\">\n<\/div>\n","protected":false},"excerpt":{"rendered":"<p>Neste s\u00e1bado (26), moradores e turistas de Tamandar\u00e9, no Litoral Sul do Estado, unir\u00e3o&nbsp;solidariedade e louvor para ajudar cerca de&hellip;<\/p>\n","protected":false},"author":1,"featured_media":0,"comment_status":"open","ping_status":"open","sticky":false,"template":"","format":"standard","meta":{"footnotes":""},"categories":[1],"tags":[2,6,143],"class_list":["post-137","post","type-post","status-publish","format-standard","hentry","category-sem-categoria","tag-blog-do-edvaldo-magalhaes","tag-noticias","tag-tamandare-the-fevers-e-dudu-do-acordeon-animam-dia-da-consciencia-crista"],"_links":{"self":[{"href":"https:\/\/blogdoedvaldomagalhaes.com.br\/index.php\/wp-json\/wp\/v2\/posts\/137","targetHints":{"allow":["GET"]}}],"collection":[{"href":"https:\/\/blogdoedvaldomagalhaes.com.br\/index.php\/wp-json\/wp\/v2\/posts"}],"about":[{"href":"https:\/\/blogdoedvaldomagalhaes.com.br\/index.php\/wp-json\/wp\/v2\/types\/post"}],"author":[{"embeddable":true,"href":"https:\/\/blogdoedvaldomagalhaes.com.br\/index.php\/wp-json\/wp\/v2\/users\/1"}],"replies":[{"embeddable":true,"href":"https:\/\/blogdoedvaldomagalhaes.com.br\/index.php\/wp-json\/wp\/v2\/comments?post=137"}],"version-history":[{"count":1,"href":"https:\/\/blogdoedvaldomagalhaes.com.br\/index.php\/wp-json\/wp\/v2\/posts\/137\/revisions"}],"predecessor-version":[{"id":37686,"href":"https:\/\/blogdoedvaldomagalhaes.com.br\/index.php\/wp-json\/wp\/v2\/posts\/137\/revisions\/37686"}],"wp:attachment":[{"href":"https:\/\/blogdoedvaldomagalhaes.com.br\/index.php\/wp-json\/wp\/v2\/media?parent=137"}],"wp:term":[{"taxonomy":"category","embeddable":true,"href":"https:\/\/blogdoedvaldomagalhaes.com.br\/index.php\/wp-json\/wp\/v2\/categories?post=137"},{"taxonomy":"post_tag","embeddable":true,"href":"https:\/\/blogdoedvaldomagalhaes.com.br\/index.php\/wp-json\/wp\/v2\/tags?post=137"}],"curies":[{"name":"wp","href":"https:\/\/api.w.org\/{rel}","templated":true}]}}