{"id":136,"date":"2019-01-23T16:09:00","date_gmt":"2019-01-23T18:09:00","guid":{"rendered":"http:\/\/blogdoedvaldomagalhaes.com.br\/index.php\/2019\/01\/23\/policia-prende-suspeito-de-atropelar-e\/"},"modified":"2019-02-09T02:50:32","modified_gmt":"2019-02-09T04:50:32","slug":"policia-prende-suspeito-de-atropelar-e","status":"publish","type":"post","link":"https:\/\/blogdoedvaldomagalhaes.com.br\/index.php\/2019\/01\/23\/policia-prende-suspeito-de-atropelar-e\/","title":{"rendered":"Pol\u00edcia prende suspeito de atropelar e matar casal em Caruaru"},"content":{"rendered":"<div class=\"separator\" style=\"clear: both; text-align: center;\">\n<a href=\"https:\/\/4.bp.blogspot.com\/--vt4zCc1jx4\/XEiQh1F648I\/AAAAAAABBck\/KhHouYAjIYkt9maNBkEo3S0iZScLSwq0ACLcBGAs\/s1600\/preso.jpg\" imageanchor=\"1\" style=\"margin-left: 1em; margin-right: 1em;\"><img loading=\"lazy\" decoding=\"async\" border=\"0\" data-original-height=\"182\" data-original-width=\"250\" height=\"465\" src=\"http:\/\/blogdoedvaldomagalhaes.com.br\/wp-content\/uploads\/2019\/01\/preso.jpg\" width=\"640\" \/><\/a><\/div>\n<div class=\"separator\" style=\"clear: both; text-align: center;\">\nImagem ilustrativa<\/div>\n<p><\/p>\n<div style=\"text-align: justify;\">\nA partir de dados repassados por populares \u00e0 Central Disque Den\u00fancia Agreste (3719-4545) em uma a\u00e7\u00e3o conjunta da PCPE\/DINTER1\/GCOI1\/AIS14\/DHA\/20\u00ba DPH DE CARUARU, nesta quarta-feira (23), deu cumprimento ao mandado de pris\u00e3o preventiva, em desfavor de JOS\u00c9 AUR\u00c9LIO SANTOS DE MEIRA, indiciado nos autos do inqu\u00e9rito policial n\u00ba 04. 14.0020.0035\/2018-1.1 por duplo homic\u00eddio (homic\u00eddio qualificado e homic\u00eddio simples), fato ocorrido no km 126, da rodovia BR 232, no dia 19 de mar\u00e7o de 2018, ocasi\u00e3o em que, dirigindo seu carro embriagado, em alta velocidade e na contram\u00e3o da dire\u00e7\u00e3o, colidiu contra a motocicleta em que se encontrava o casal Adelma Ala\u00edde da Silva e Rog\u00e9rio Jos\u00e9 Santos Da Silva e arrastou uma das v\u00edtimas, que ficou presa embaixo do carro, por mais de 500 metros. O denunciado foi encontrado na cidade do Recife. Ap\u00f3s realiza\u00e7\u00e3o de exame traumatol\u00f3gico, o preso foi encaminhado \u00e0 Penitenci\u00e1ria Juiz Pl\u00e1cido de Souza, em Caruaru-PE.<\/div>\n<p><\/p>\n<div class=\"separator\" style=\"clear: both; text-align: center;\">\n<a href=\"https:\/\/3.bp.blogspot.com\/-E6hnKHDz1j0\/XEiRO0UMqMI\/AAAAAAABBcw\/7ktaG8CquJ8Vc-fRPuRXX9h_mVaoK1FbQCLcBGAs\/s1600\/casal.jpeg\" imageanchor=\"1\" style=\"margin-left: 1em; margin-right: 1em;\"><img loading=\"lazy\" decoding=\"async\" border=\"0\" data-original-height=\"235\" data-original-width=\"400\" height=\"376\" src=\"http:\/\/blogdoedvaldomagalhaes.com.br\/wp-content\/uploads\/2019\/01\/casal.jpeg\" width=\"640\" \/><\/a><\/div>\n<p><\/p>\n<div class=\"separator\" style=\"clear: both; text-align: center;\">\n<a href=\"https:\/\/4.bp.blogspot.com\/-IWmej4bnRAs\/XEiRMixxKcI\/AAAAAAABBcs\/zyOri5gvsPA17G9Mj4AuUn0xo_LuMdn1ACLcBGAs\/s1600\/carro.jpg\" imageanchor=\"1\" style=\"margin-left: 1em; margin-right: 1em;\"><img loading=\"lazy\" decoding=\"async\" border=\"0\" data-original-height=\"288\" data-original-width=\"400\" height=\"460\" src=\"http:\/\/blogdoedvaldomagalhaes.com.br\/wp-content\/uploads\/2019\/01\/carro.jpg\" width=\"640\" \/><\/a><\/div>\n<p><\/p>\n<div class=\"separator\" style=\"clear: both; text-align: center;\">\n<a href=\"https:\/\/2.bp.blogspot.com\/-pJu2RBS6VMU\/XEiRQ5kEcpI\/AAAAAAABBc0\/Rop1ect7eYUH5Ma-JajU_oBuOMKVs3MOACLcBGAs\/s1600\/eles.jpg\" imageanchor=\"1\" style=\"margin-left: 1em; margin-right: 1em;\"><img loading=\"lazy\" decoding=\"async\" border=\"0\" data-original-height=\"624\" data-original-width=\"640\" height=\"624\" src=\"http:\/\/blogdoedvaldomagalhaes.com.br\/wp-content\/uploads\/2019\/01\/eles.jpg\" width=\"640\" \/><\/a><\/div>\n<div class=\"separator\" style=\"clear: both; text-align: center;\">\nV\u00edtimas fatais<\/div>\n<div style=\"background: white; margin-bottom: .0001pt; margin-bottom: 0cm; margin-left: 0cm; margin-right: 0cm; margin-top: 4.5pt; text-align: justify;\">\n<div class=\"separator\" style=\"clear: both; text-align: center;\">\n<a href=\"https:\/\/1.bp.blogspot.com\/-NLvRW4olo24\/XEiSCoE_QdI\/AAAAAAABBdA\/NH6AOQF4AUQW9h88LTPLbRLqZ2hqf_eHQCLcBGAs\/s1600\/IMG-20190123-WA0081.jpg\" imageanchor=\"1\" style=\"margin-left: 1em; margin-right: 1em;\"><img loading=\"lazy\" decoding=\"async\" border=\"0\" data-original-height=\"1280\" data-original-width=\"1280\" height=\"640\" src=\"http:\/\/blogdoedvaldomagalhaes.com.br\/wp-content\/uploads\/2019\/01\/IMG-20190123-WA0081.jpg\" width=\"640\" \/><\/a><\/div>\n<div class=\"separator\" style=\"clear: both; text-align: center;\">\nImagens do suspeito antes do acidente, e como foi encontrado agora<\/div>\n<p><\/div>\n<div style=\"-webkit-text-stroke-width: 0px; font-variant-caps: normal; font-variant-ligatures: normal; margin: 0cm 0cm 0.0001pt; orphans: 2; text-align: justify; text-decoration-color: initial; text-decoration-style: initial; widows: 2; word-spacing: 0px;\">\nO casal que morava no S\u00edtio<br \/>\nOlho D\u00e1gua da Cana, na zona rural de Caruaru, foi socorrido pelo Samu, que foi<br \/>\nlevado com graves les\u00f5es para o Hospital Regional do Agreste, onde o Rog\u00e9rio<br \/>\nmorreu ap\u00f3s dar entrada e quando a equipe de param\u00e9dicos estava providenciando<br \/>\na transfer\u00eancia da mulher para um hospital do Recife ela teve uma piora<br \/>\nsignificativa no quadro cl\u00ednico e tamb\u00e9m faleceu. Eles n\u00e3o eram casados mas<br \/>\nmoravam juntos e iriam se casar nos pr\u00f3ximos meses.<\/div>\n<div style=\"-webkit-text-stroke-width: 0px; font-variant-caps: normal; font-variant-ligatures: normal; margin: 0cm 0cm 0.0001pt; orphans: 2; text-align: justify; text-decoration-color: initial; text-decoration-style: initial; widows: 2; word-spacing: 0px;\">\n<\/div>\n<div style=\"-webkit-text-stroke-width: 0px; font-variant-caps: normal; font-variant-ligatures: normal; margin: 0cm 0cm 0.0001pt; orphans: 2; text-align: justify; text-decoration-color: initial; text-decoration-style: initial; widows: 2; word-spacing: 0px;\">\nO carro foi abandonado nas imedia\u00e7\u00f5es do posto de g\u00e1s<br \/>\nnatural, pr\u00f3ximo a ponte nova.&nbsp;Os corpos<br \/>\ndas v\u00edtimas foram encaminhados para o IML local.<\/div>\n<div style=\"-webkit-text-stroke-width: 0px; font-variant-caps: normal; font-variant-ligatures: normal; margin: 0cm 0cm 0.0001pt; orphans: 2; text-align: justify; text-decoration-color: initial; text-decoration-style: initial; widows: 2; word-spacing: 0px;\">\n<\/div>\n<div class=\"MsoNormal\" style=\"text-align: justify;\">\n<\/div>\n","protected":false},"excerpt":{"rendered":"<p>Imagem ilustrativa A partir de dados repassados por populares \u00e0 Central Disque Den\u00fancia Agreste (3719-4545) em uma a\u00e7\u00e3o conjunta da&hellip;<\/p>\n","protected":false},"author":1,"featured_media":0,"comment_status":"open","ping_status":"open","sticky":false,"template":"","format":"standard","meta":{"footnotes":""},"categories":[1],"tags":[2,142,13],"class_list":["post-136","post","type-post","status-publish","format-standard","hentry","category-sem-categoria","tag-blog-do-edvaldo-magalhaes","tag-policia-prende-suspeito-de-atropelar-e-matar-casal-em-caruaru","tag-policial"],"_links":{"self":[{"href":"https:\/\/blogdoedvaldomagalhaes.com.br\/index.php\/wp-json\/wp\/v2\/posts\/136","targetHints":{"allow":["GET"]}}],"collection":[{"href":"https:\/\/blogdoedvaldomagalhaes.com.br\/index.php\/wp-json\/wp\/v2\/posts"}],"about":[{"href":"https:\/\/blogdoedvaldomagalhaes.com.br\/index.php\/wp-json\/wp\/v2\/types\/post"}],"author":[{"embeddable":true,"href":"https:\/\/blogdoedvaldomagalhaes.com.br\/index.php\/wp-json\/wp\/v2\/users\/1"}],"replies":[{"embeddable":true,"href":"https:\/\/blogdoedvaldomagalhaes.com.br\/index.php\/wp-json\/wp\/v2\/comments?post=136"}],"version-history":[{"count":1,"href":"https:\/\/blogdoedvaldomagalhaes.com.br\/index.php\/wp-json\/wp\/v2\/posts\/136\/revisions"}],"predecessor-version":[{"id":37692,"href":"https:\/\/blogdoedvaldomagalhaes.com.br\/index.php\/wp-json\/wp\/v2\/posts\/136\/revisions\/37692"}],"wp:attachment":[{"href":"https:\/\/blogdoedvaldomagalhaes.com.br\/index.php\/wp-json\/wp\/v2\/media?parent=136"}],"wp:term":[{"taxonomy":"category","embeddable":true,"href":"https:\/\/blogdoedvaldomagalhaes.com.br\/index.php\/wp-json\/wp\/v2\/categories?post=136"},{"taxonomy":"post_tag","embeddable":true,"href":"https:\/\/blogdoedvaldomagalhaes.com.br\/index.php\/wp-json\/wp\/v2\/tags?post=136"}],"curies":[{"name":"wp","href":"https:\/\/api.w.org\/{rel}","templated":true}]}}