{"id":134,"date":"2019-01-23T20:27:00","date_gmt":"2019-01-23T22:27:00","guid":{"rendered":"http:\/\/blogdoedvaldomagalhaes.com.br\/index.php\/2019\/01\/23\/confira-programacao-da-festa-de-nossa\/"},"modified":"2019-02-09T02:50:32","modified_gmt":"2019-02-09T04:50:32","slug":"confira-programacao-da-festa-de-nossa","status":"publish","type":"post","link":"https:\/\/blogdoedvaldomagalhaes.com.br\/index.php\/2019\/01\/23\/confira-programacao-da-festa-de-nossa\/","title":{"rendered":"Confira a programa\u00e7\u00e3o da Festa de Nossa Senhora do Desterro em Agrestina"},"content":{"rendered":"<div class=\"separator\" style=\"clear: both; text-align: center;\">\n<a href=\"https:\/\/4.bp.blogspot.com\/-nEFbbjZIBjg\/XEjNREFqQqI\/AAAAAAABBdQ\/axjD-gImzlsmJ0vrLzkY8ZDaOJtWcHw8gCLcBGAs\/s1600\/IMG-20190123-WA0087.jpg\" imageanchor=\"1\" style=\"margin-left: 1em; margin-right: 1em;\"><img loading=\"lazy\" decoding=\"async\" border=\"0\" data-original-height=\"1200\" data-original-width=\"1200\" height=\"640\" src=\"http:\/\/blogdoedvaldomagalhaes.com.br\/wp-content\/uploads\/2019\/01\/IMG-20190123-WA0087.jpg\" width=\"640\" \/><\/a><\/div>\n<div style=\"text-align: justify;\">\nJ\u00e1 se encontra quase tudo pronto para a realiza\u00e7\u00e3o do mais tradicional e antigo evento em execu\u00e7\u00e3o do munic\u00edpio de Agrestina, no Agreste de Pernambuco, localizada a 19 km de Caruaru. A festa em celebra\u00e7\u00e3o a Nossa Senhora do Desterro, co-padroeira do munic\u00edpio, alcan\u00e7a neste ano de 2019 a sua 97\u00aa Edi\u00e7\u00e3o, e conta com uma vasta programa\u00e7\u00e3o religiosa e art\u00edstica na cidade e na zona rural. As festividades t\u00eam in\u00edcio na pr\u00f3xima quinta-feira (24) e seguem at\u00e9 o dia 2 de fevereiro.<\/div>\n<div style=\"text-align: justify;\">\n<\/div>\n<div style=\"text-align: justify;\">\nA programa\u00e7\u00e3o religiosa, que acontece tipicamente na \u00faltima semana de janeiro, possui uma sucess\u00e3o de celebra\u00e7\u00f5es eucar\u00edsticas com of\u00edcios, missas e ter\u00e7os nas comunidades, culminando na prociss\u00e3o \u00e0 Nossa Senhora do Desterro, dia 2 de fevereiro. O tema deste ano \u00e9 \u201cCom Maria, a M\u00e3e do Desterro, somos a Igreja de Cristo em miss\u00e3o no mundo\u201d. Os shows art\u00edsticos, que acontecem sempre nos dias 1 e 2 de fevereiro, ser\u00e3o realizados a partir das 21h, em uma estrutura de palco montada na Pra\u00e7a Padre C\u00edcero (Centro da cidade).<\/div>\n<div style=\"text-align: justify;\">\n<\/div>\n<div style=\"text-align: justify;\">\n<b>Shows<\/b><\/div>\n<div style=\"text-align: justify;\">\n<\/div>\n<div style=\"text-align: justify;\">\n<b>Dia 01.02 (sexta-feira)<\/b><\/div>\n<div style=\"text-align: justify;\">\n<\/div>\n<div style=\"text-align: justify;\">\nCavaleiros do Forr\u00f3<\/div>\n<div style=\"text-align: justify;\">\n<\/div>\n<div style=\"text-align: justify;\">\nWalkyria Santos&nbsp;&nbsp;<\/div>\n<div style=\"text-align: justify;\">\n<\/div>\n<div style=\"text-align: justify;\">\n<\/div>\n<div style=\"text-align: justify;\">\n<b>Dia 02.02 (s\u00e1bado)<\/b><\/div>\n<div style=\"text-align: justify;\">\n<\/div>\n<div style=\"text-align: justify;\">\nMano Walter<\/div>\n<div style=\"text-align: justify;\">\n<\/div>\n<div style=\"text-align: justify;\">\nDavi Firma&nbsp;&nbsp;<\/div>\n<div style=\"text-align: justify;\">\n<\/div>\n<div style=\"text-align: justify;\">\n<b>Programa\u00e7\u00e3o Religiosa<\/b><\/div>\n<div style=\"text-align: justify;\">\n<\/div>\n<div style=\"text-align: justify;\">\n<b>Dia 24.01 (quinta-feira)<\/b><\/div>\n<div style=\"text-align: justify;\">\n<\/div>\n<div style=\"text-align: justify;\">\n19h: Prociss\u00e3o da Bandeira saindo da Rua Sebasti\u00e3o Cabral<\/div>\n<div style=\"text-align: justify;\">\n<\/div>\n<div style=\"text-align: justify;\">\n19h30: Celebra\u00e7\u00e3o Eucar\u00edstica com tema \u201cA Miss\u00e3o se faz com os joelhos dos que rezam&#8221; e participa\u00e7\u00e3o da Renova\u00e7\u00e3o Carism\u00e1tica, Ministros Extraordin\u00e1rios da Eucaristia, Comunidade de Nossa Senhora das Gra\u00e7as e Pastoral do D\u00edzimo.<\/div>\n<div style=\"text-align: justify;\">\n<\/div>\n<div style=\"text-align: justify;\">\n<b>Dia 25.01 (sexta-feira)<\/b><\/div>\n<div style=\"text-align: justify;\">\n<\/div>\n<div style=\"text-align: justify;\">\n6h: Of\u00edcio de Nossa Senhora<\/div>\n<div style=\"text-align: justify;\">\n<\/div>\n<div style=\"text-align: justify;\">\n19h: Ter\u00e7o<\/div>\n<div style=\"text-align: justify;\">\n<\/div>\n<div style=\"text-align: justify;\">\n19h30: Celebra\u00e7\u00e3o Eucar\u00edstica presidida pelo Pe. Manuel Francisco Xavier (Bianchi)<\/div>\n<div style=\"text-align: justify;\">\n<\/div>\n<div style=\"text-align: justify;\">\n<b>Dia 26.01 (s\u00e1bado)<\/b><\/div>\n<div style=\"text-align: justify;\">\n<\/div>\n<div style=\"text-align: justify;\">\n6h: Of\u00edcio de Nossa Senhora<\/div>\n<div style=\"text-align: justify;\">\n<\/div>\n<div style=\"text-align: justify;\">\n19h: Ter\u00e7o<\/div>\n<div style=\"text-align: justify;\">\n<\/div>\n<div style=\"text-align: justify;\">\n19h30: Celebra\u00e7\u00e3o Eucar\u00edstica presidida pelo Pe. Miguel \u00c2ngelo Ferreira<\/div>\n<div style=\"text-align: justify;\">\n<\/div>\n<div style=\"text-align: justify;\">\n<b>Dia 27.01 (domingo)<\/b><\/div>\n<div style=\"text-align: justify;\">\n<\/div>\n<div style=\"text-align: justify;\">\n6h: Of\u00edcio de Nossa Senhora<\/div>\n<div style=\"text-align: justify;\">\n<\/div>\n<div style=\"text-align: justify;\">\n19h: Ter\u00e7o<\/div>\n<div style=\"text-align: justify;\">\n<\/div>\n<div style=\"text-align: justify;\">\n19h30: Celebra\u00e7\u00e3o Eucar\u00edstica presidida pelo Pe. Renan Sebasti\u00e3o da Silva<\/div>\n<div style=\"text-align: justify;\">\n<\/div>\n<div style=\"text-align: justify;\">\n<b>Dia 28.01 (segunda-feira)<\/b><\/div>\n<div style=\"text-align: justify;\">\n<\/div>\n<div style=\"text-align: justify;\">\n6h: Of\u00edcio de Nossa Senhora<\/div>\n<div style=\"text-align: justify;\">\n<\/div>\n<div style=\"text-align: justify;\">\n19h: Ter\u00e7o<\/div>\n<div style=\"text-align: justify;\">\n<\/div>\n<div style=\"text-align: justify;\">\n19h30: Celebra\u00e7\u00e3o Eucar\u00edstica presidida pelo Pe. Emerson Mozart da Silva, com a participa\u00e7\u00e3o do Movimento M\u00e3e Rainha, Pastoral do Romeiro e PASCOM.&nbsp;<\/div>\n<div style=\"text-align: justify;\">\n<\/div>\n<div style=\"text-align: justify;\">\n<b>Dia 29.01 (ter\u00e7a-feira)<\/b><\/div>\n<div style=\"text-align: justify;\">\n<\/div>\n<div style=\"text-align: justify;\">\n6h: Of\u00edcio de Nossa Senhora<\/div>\n<div style=\"text-align: justify;\">\n<\/div>\n<div style=\"text-align: justify;\">\n19h: Ter\u00e7o<\/div>\n<div style=\"text-align: justify;\">\n<\/div>\n<div style=\"text-align: justify;\">\n19h30: Celebra\u00e7\u00e3o Eucar\u00edstica presidida pelo Pe. Lu\u00eds Carlos do Nascimento<\/div>\n<div style=\"text-align: justify;\">\n<\/div>\n<div style=\"text-align: justify;\">\n<b>Dia 30.01 (quarta-feira)<\/b><\/div>\n<div style=\"text-align: justify;\">\n<\/div>\n<div style=\"text-align: justify;\">\n6h: Of\u00edcio de Nossa Senhora<\/div>\n<div style=\"text-align: justify;\">\n<\/div>\n<div style=\"text-align: justify;\">\n19h: Ter\u00e7o<\/div>\n<div style=\"text-align: justify;\">\n<\/div>\n<div style=\"text-align: justify;\">\n19h30: Celebra\u00e7\u00e3o Eucar\u00edstica presidida pelo Pe. Ant\u00f4nio M\u00e1rcio<\/div>\n<div style=\"text-align: justify;\">\n<\/div>\n<div style=\"text-align: justify;\">\n<b>Dia 31.01 (quinta-feira)<\/b><\/div>\n<div style=\"text-align: justify;\">\n<\/div>\n<div style=\"text-align: justify;\">\n6h: Of\u00edcio de Nossa Senhora<\/div>\n<div style=\"text-align: justify;\">\n<\/div>\n<div style=\"text-align: justify;\">\n19h: Ter\u00e7o<\/div>\n<div style=\"text-align: justify;\">\n<\/div>\n<div style=\"text-align: justify;\">\n19h30: Celebra\u00e7\u00e3o Eucar\u00edstica presidida pelo Pe. Ant\u00f4nio Ivemar da Silva Pontes, com o tema \u201cBatizados e enviados: A igreja de Cristo em miss\u00e3o no mundo\u201d.<\/div>\n<div style=\"text-align: justify;\">\n<\/div>\n<div style=\"text-align: justify;\">\n<b>Dia 01.02 (sexta-feira)<\/b><\/div>\n<div style=\"text-align: justify;\">\n<\/div>\n<div style=\"text-align: justify;\">\n6h: Of\u00edcio de Nossa Senhora<\/div>\n<div style=\"text-align: justify;\">\n<\/div>\n<div style=\"text-align: justify;\">\n19h: Ter\u00e7o<\/div>\n<div style=\"text-align: justify;\">\n<\/div>\n<div style=\"text-align: justify;\">\n19h30: Celebra\u00e7\u00e3o Eucar\u00edstica presidida pelo Pe. Joseilson Gomes de Azevedo, com o tema \u201cSomos convidados a nossa identidade batismal como um encontro pessoal com Jesus Cristo vivo: Ele envia-nos para sermos suas testemunhas no mundo\u201d, e participa\u00e7\u00e3o da Pastoral do Canto.<\/div>\n<div style=\"text-align: justify;\">\n<\/div>\n<div style=\"text-align: justify;\">\n<b>Dia 02.02 (s\u00e1bado)<\/b><\/div>\n<div style=\"text-align: justify;\">\n<\/div>\n<div style=\"text-align: justify;\">\n6h: Of\u00edcio de Nossa Senhora, Gir\u00e2ndolas e Caf\u00e9 Comunit\u00e1rio<\/div>\n<div style=\"text-align: justify;\">\n<\/div>\n<div style=\"text-align: justify;\">\n10h: Celebra\u00e7\u00e3o Eucar\u00edstica presidida pelo Pe. Zenilson Tib\u00farcio da Silva, com o tema \u201cCom Maria, a M\u00e3e do Desterro, Somos a Igreja de Cristo em miss\u00e3o no mundo\u201d.<\/div>\n<div style=\"text-align: justify;\">\n<\/div>\n<div style=\"text-align: justify;\">\n16h: Prociss\u00e3o<\/div>\n<div style=\"text-align: justify;\">\n<\/div>\n<div style=\"text-align: justify;\">\n18h: Celebra\u00e7\u00e3o Eucar\u00edstica presidida pelo Reverend\u00edssimo Dom Bernardino Marchi\u00f3 (Bispo Diocesano)<\/p>\n<\/div>\n<div style=\"text-align: justify;\">\n<\/div>\n","protected":false},"excerpt":{"rendered":"<p>J\u00e1 se encontra quase tudo pronto para a realiza\u00e7\u00e3o do mais tradicional e antigo evento em execu\u00e7\u00e3o do munic\u00edpio de&hellip;<\/p>\n","protected":false},"author":1,"featured_media":0,"comment_status":"open","ping_status":"open","sticky":false,"template":"","format":"standard","meta":{"footnotes":""},"categories":[1],"tags":[2,139,6],"class_list":["post-134","post","type-post","status-publish","format-standard","hentry","category-sem-categoria","tag-blog-do-edvaldo-magalhaes","tag-confira-a-programacao-da-festa-de-nossa-senhora-do-desterro-em-agrestina","tag-noticias"],"_links":{"self":[{"href":"https:\/\/blogdoedvaldomagalhaes.com.br\/index.php\/wp-json\/wp\/v2\/posts\/134","targetHints":{"allow":["GET"]}}],"collection":[{"href":"https:\/\/blogdoedvaldomagalhaes.com.br\/index.php\/wp-json\/wp\/v2\/posts"}],"about":[{"href":"https:\/\/blogdoedvaldomagalhaes.com.br\/index.php\/wp-json\/wp\/v2\/types\/post"}],"author":[{"embeddable":true,"href":"https:\/\/blogdoedvaldomagalhaes.com.br\/index.php\/wp-json\/wp\/v2\/users\/1"}],"replies":[{"embeddable":true,"href":"https:\/\/blogdoedvaldomagalhaes.com.br\/index.php\/wp-json\/wp\/v2\/comments?post=134"}],"version-history":[{"count":1,"href":"https:\/\/blogdoedvaldomagalhaes.com.br\/index.php\/wp-json\/wp\/v2\/posts\/134\/revisions"}],"predecessor-version":[{"id":37695,"href":"https:\/\/blogdoedvaldomagalhaes.com.br\/index.php\/wp-json\/wp\/v2\/posts\/134\/revisions\/37695"}],"wp:attachment":[{"href":"https:\/\/blogdoedvaldomagalhaes.com.br\/index.php\/wp-json\/wp\/v2\/media?parent=134"}],"wp:term":[{"taxonomy":"category","embeddable":true,"href":"https:\/\/blogdoedvaldomagalhaes.com.br\/index.php\/wp-json\/wp\/v2\/categories?post=134"},{"taxonomy":"post_tag","embeddable":true,"href":"https:\/\/blogdoedvaldomagalhaes.com.br\/index.php\/wp-json\/wp\/v2\/tags?post=134"}],"curies":[{"name":"wp","href":"https:\/\/api.w.org\/{rel}","templated":true}]}}