{"id":1336,"date":"2018-09-11T15:50:00","date_gmt":"2018-09-11T18:50:00","guid":{"rendered":"http:\/\/blogdoedvaldomagalhaes.com.br\/index.php\/2018\/09\/11\/dia-mundial-de-limpeza-tera-acao\/"},"modified":"2019-02-09T02:30:45","modified_gmt":"2019-02-09T04:30:45","slug":"dia-mundial-de-limpeza-tera-acao","status":"publish","type":"post","link":"https:\/\/blogdoedvaldomagalhaes.com.br\/index.php\/2018\/09\/11\/dia-mundial-de-limpeza-tera-acao\/","title":{"rendered":"Dia Mundial de Limpeza ter\u00e1 A\u00e7\u00e3o Tropical em Caruaru"},"content":{"rendered":"<div class=\"separator\" style=\"clear: both; text-align: center;\">\n<a href=\"https:\/\/2.bp.blogspot.com\/-tFcXYEtrVL4\/W5fkAsvKgLI\/AAAAAAAA5zQ\/RUylQl1BH1QChpHn_qqy7q5JycZSLpMlACLcBGAs\/s1600\/dia.png\" imageanchor=\"1\" style=\"margin-left: 1em; margin-right: 1em;\"><img loading=\"lazy\" decoding=\"async\" border=\"0\" data-original-height=\"1600\" data-original-width=\"900\" height=\"640\" src=\"http:\/\/blogdoedvaldomagalhaes.com.br\/wp-content\/uploads\/2018\/09\/dia.png\" width=\"360\" \/><\/a><\/div>\n<div class=\"separator\" style=\"clear: both; text-align: center;\">\n<\/div>\n<div class=\"MsoNormal\" style=\"background-color: white; text-align: justify; text-indent: 35.4pt;\">\nA Faculdade UNINASSAU Caruaru promove no pr\u00f3ximo s\u00e1bado (15) o Dia Mundial de Limpeza, idealizado pelo Instituto Limpa Brasil. A Institui\u00e7\u00e3o de Ensino Superior (IES) \u00e9 a \u00fanica da cidade a participar do movimento, que acontece das 8h \u00e0s 12h. Na oportunidade, dois parques ambientais de Caruaru ir\u00e3o receber as atividades de limpeza e conscientiza\u00e7\u00e3o, o Parque Ambientalista Severino Montenegro e o Parque Drayton Nejaim.&nbsp;<u><\/u><u><\/u><\/div>\n<div class=\"MsoNormal\" style=\"background-color: white; text-align: justify; text-indent: 35.4pt;\">\n<\/div>\n<div class=\"MsoNormal\" style=\"background-color: white; text-align: justify; text-indent: 35.4pt;\">\nAs atividades ir\u00e3o ocorrer a partir das 8h com a concentra\u00e7\u00e3o dos participantes nos dois parques, a partir das 9h haver\u00e1 a conscientiza\u00e7\u00e3o da popula\u00e7\u00e3o para o descarte adequado do lixo. J\u00e1 \u00e0s 10h, ocorre a limpeza com a coleta de lixo recicl\u00e1vel.<u><\/u><u><\/u><\/div>\n<div class=\"MsoNormal\" style=\"background-color: white; text-align: justify; text-indent: 35.4pt;\">\n<\/div>\n<div class=\"MsoNormal\" style=\"background-color: white; text-align: justify; text-indent: 35.4pt;\">\nAl\u00e9m dos alunos, as atividades ir\u00e3o contar com a colabora\u00e7\u00e3o de equipes de coordenadores e docentes nos locais da a\u00e7\u00e3o. Os estudantes da IES que desejarem participar devem se inscrever atrav\u00e9s do link&nbsp;<a class=\"m_6406114084506039426OWAAutoLink\" data-saferedirecturl=\"https:\/\/www.google.com\/url?q=https:\/\/extensao.uninassau.edu.br\/&amp;source=gmail&amp;ust=1536767004532000&amp;usg=AFQjCNGozQA1jPfHgDQGV8wvZ6nw4Nzytg\" href=\"https:\/\/extensao.uninassau.edu.br\/\" id=\"m_6406114084506039426LPlnk603698\" target=\"_blank\">https:\/\/extensao.uninassau.edu.br<\/a>. A a\u00e7\u00e3o tropical tem como objetivo principal conscientizar o descarte adequado do lixo, al\u00e9m de contribuir efetivamente com a limpeza de pra\u00e7as ou parques, levando \u00e0 popula\u00e7\u00e3o a import\u00e2ncia do cuidado no descarte consciente do lixo.<\/div>\n<div style=\"text-align: justify;\">\n<\/div>\n","protected":false},"excerpt":{"rendered":"<p>A Faculdade UNINASSAU Caruaru promove no pr\u00f3ximo s\u00e1bado (15) o Dia Mundial de Limpeza, idealizado pelo Instituto Limpa Brasil. A&hellip;<\/p>\n","protected":false},"author":1,"featured_media":0,"comment_status":"open","ping_status":"open","sticky":false,"template":"","format":"standard","meta":{"footnotes":""},"categories":[1],"tags":[2,1295,6],"class_list":["post-1336","post","type-post","status-publish","format-standard","hentry","category-sem-categoria","tag-blog-do-edvaldo-magalhaes","tag-dia-mundial-de-limpeza-tera-acao-tropical-em-caruaru","tag-noticias"],"_links":{"self":[{"href":"https:\/\/blogdoedvaldomagalhaes.com.br\/index.php\/wp-json\/wp\/v2\/posts\/1336","targetHints":{"allow":["GET"]}}],"collection":[{"href":"https:\/\/blogdoedvaldomagalhaes.com.br\/index.php\/wp-json\/wp\/v2\/posts"}],"about":[{"href":"https:\/\/blogdoedvaldomagalhaes.com.br\/index.php\/wp-json\/wp\/v2\/types\/post"}],"author":[{"embeddable":true,"href":"https:\/\/blogdoedvaldomagalhaes.com.br\/index.php\/wp-json\/wp\/v2\/users\/1"}],"replies":[{"embeddable":true,"href":"https:\/\/blogdoedvaldomagalhaes.com.br\/index.php\/wp-json\/wp\/v2\/comments?post=1336"}],"version-history":[{"count":1,"href":"https:\/\/blogdoedvaldomagalhaes.com.br\/index.php\/wp-json\/wp\/v2\/posts\/1336\/revisions"}],"predecessor-version":[{"id":34010,"href":"https:\/\/blogdoedvaldomagalhaes.com.br\/index.php\/wp-json\/wp\/v2\/posts\/1336\/revisions\/34010"}],"wp:attachment":[{"href":"https:\/\/blogdoedvaldomagalhaes.com.br\/index.php\/wp-json\/wp\/v2\/media?parent=1336"}],"wp:term":[{"taxonomy":"category","embeddable":true,"href":"https:\/\/blogdoedvaldomagalhaes.com.br\/index.php\/wp-json\/wp\/v2\/categories?post=1336"},{"taxonomy":"post_tag","embeddable":true,"href":"https:\/\/blogdoedvaldomagalhaes.com.br\/index.php\/wp-json\/wp\/v2\/tags?post=1336"}],"curies":[{"name":"wp","href":"https:\/\/api.w.org\/{rel}","templated":true}]}}