{"id":1335,"date":"2018-09-11T20:00:00","date_gmt":"2018-09-11T23:00:00","guid":{"rendered":"http:\/\/blogdoedvaldomagalhaes.com.br\/index.php\/2018\/09\/11\/perpetua-dantas-deixa-secretaria-da\/"},"modified":"2019-02-09T02:30:46","modified_gmt":"2019-02-09T04:30:46","slug":"perpetua-dantas-deixa-secretaria-da","status":"publish","type":"post","link":"https:\/\/blogdoedvaldomagalhaes.com.br\/index.php\/2018\/09\/11\/perpetua-dantas-deixa-secretaria-da\/","title":{"rendered":"Perp\u00e9tua Dantas deixa a Secretaria da Mulher e assume a Secretaria de Desenvolvimento Social e Direitos Humanos"},"content":{"rendered":"<div class=\"separator\" style=\"clear: both; text-align: center;\">\n<a href=\"https:\/\/1.bp.blogspot.com\/-fnZ4ykfyT28\/W5ge5kitMaI\/AAAAAAAA5zk\/A7Q5aNrNchYj8r5koOX7icq-LwVPnyVrgCLcBGAs\/s1600\/pertua.jpg\" imageanchor=\"1\" style=\"margin-left: 1em; margin-right: 1em;\"><img loading=\"lazy\" decoding=\"async\" border=\"0\" data-original-height=\"400\" data-original-width=\"400\" height=\"640\" src=\"http:\/\/blogdoedvaldomagalhaes.com.br\/wp-content\/uploads\/2018\/09\/pertua.jpg\" width=\"640\" \/><\/a><\/div>\n<p><\/p>\n<div style=\"text-align: justify;\">\nA advogada Perp\u00e9tua Dantas, deixa hoje (11) a Secretaria da Mulher de Caruaru, e assume amanh\u00e3 a Secretaria de Desenvolvimento Social e Direitos Humanos, substituindo Fernando Silva, que foi exonerado na \u00faltima quinta-feira (06).&nbsp;<\/p>\n<p>Carlos Eduardo, que era gerente geral da Secretaria de Desenvolvimento Social e Direitos Humanos, agora assume a Secretaria Executiva de Assist\u00eancia Social, no lugar de Bernadeth Gondim, que foi exonerada na \u00faltima quinta-feira (06).<\/p>\n<div class=\"separator\" style=\"clear: both; text-align: center;\">\n<a href=\"https:\/\/4.bp.blogspot.com\/-UYjcuE2r8Jw\/W5gngzzZOnI\/AAAAAAAA5zw\/1uu2xSrTfZIh9Z8fg42R5A3F-e4yB4FowCLcBGAs\/s1600\/IMG_20180911_173504446.jpg\" imageanchor=\"1\" style=\"margin-left: 1em; margin-right: 1em;\"><img loading=\"lazy\" decoding=\"async\" border=\"0\" data-original-height=\"1200\" data-original-width=\"1600\" height=\"480\" src=\"http:\/\/blogdoedvaldomagalhaes.com.br\/wp-content\/uploads\/2018\/09\/IMG_20180911_173504446.jpg\" width=\"640\" \/><\/a><\/div>\n<div class=\"separator\" style=\"clear: both; text-align: center;\">\nJuliana Gouveia (esquerda) e Perpetua Dantas (direita)<\/div>\n<p>\nJuliana Gouveia, ex-gerente de Cidadania e Qualidade de Vida da Secretaria da Mulher, vai substituir Perp\u00e9tua Dantas, na citada pasta.<\/div>\n<div style=\"text-align: justify;\">\n<\/div>\n","protected":false},"excerpt":{"rendered":"<p>A advogada Perp\u00e9tua Dantas, deixa hoje (11) a Secretaria da Mulher de Caruaru, e assume amanh\u00e3 a Secretaria de Desenvolvimento&hellip;<\/p>\n","protected":false},"author":1,"featured_media":0,"comment_status":"open","ping_status":"open","sticky":false,"template":"","format":"standard","meta":{"footnotes":""},"categories":[1],"tags":[2,1294,20],"class_list":["post-1335","post","type-post","status-publish","format-standard","hentry","category-sem-categoria","tag-blog-do-edvaldo-magalhaes","tag-perpetua-dantas-deixa-a-secretaria-da-mulher-e-assume-a-secretaria-de-desenvolvimento-social-e-direitos-humanos","tag-politica"],"_links":{"self":[{"href":"https:\/\/blogdoedvaldomagalhaes.com.br\/index.php\/wp-json\/wp\/v2\/posts\/1335","targetHints":{"allow":["GET"]}}],"collection":[{"href":"https:\/\/blogdoedvaldomagalhaes.com.br\/index.php\/wp-json\/wp\/v2\/posts"}],"about":[{"href":"https:\/\/blogdoedvaldomagalhaes.com.br\/index.php\/wp-json\/wp\/v2\/types\/post"}],"author":[{"embeddable":true,"href":"https:\/\/blogdoedvaldomagalhaes.com.br\/index.php\/wp-json\/wp\/v2\/users\/1"}],"replies":[{"embeddable":true,"href":"https:\/\/blogdoedvaldomagalhaes.com.br\/index.php\/wp-json\/wp\/v2\/comments?post=1335"}],"version-history":[{"count":1,"href":"https:\/\/blogdoedvaldomagalhaes.com.br\/index.php\/wp-json\/wp\/v2\/posts\/1335\/revisions"}],"predecessor-version":[{"id":34013,"href":"https:\/\/blogdoedvaldomagalhaes.com.br\/index.php\/wp-json\/wp\/v2\/posts\/1335\/revisions\/34013"}],"wp:attachment":[{"href":"https:\/\/blogdoedvaldomagalhaes.com.br\/index.php\/wp-json\/wp\/v2\/media?parent=1335"}],"wp:term":[{"taxonomy":"category","embeddable":true,"href":"https:\/\/blogdoedvaldomagalhaes.com.br\/index.php\/wp-json\/wp\/v2\/categories?post=1335"},{"taxonomy":"post_tag","embeddable":true,"href":"https:\/\/blogdoedvaldomagalhaes.com.br\/index.php\/wp-json\/wp\/v2\/tags?post=1335"}],"curies":[{"name":"wp","href":"https:\/\/api.w.org\/{rel}","templated":true}]}}