{"id":1332,"date":"2018-09-12T01:35:00","date_gmt":"2018-09-12T04:35:00","guid":{"rendered":"http:\/\/blogdoedvaldomagalhaes.com.br\/index.php\/2018\/09\/12\/icia-vai-receber-homenagem-atraves-de\/"},"modified":"2019-02-09T02:30:47","modified_gmt":"2019-02-09T04:30:47","slug":"icia-vai-receber-homenagem-atraves-de","status":"publish","type":"post","link":"https:\/\/blogdoedvaldomagalhaes.com.br\/index.php\/2018\/09\/12\/icia-vai-receber-homenagem-atraves-de\/","title":{"rendered":"ICIA vai receber homenagem atrav\u00e9s de propositura de Lula T\u00f4rres"},"content":{"rendered":"<div class=\"separator\" style=\"clear: both; text-align: center;\">\n<a href=\"https:\/\/1.bp.blogspot.com\/-gZ2x-hh8tPQ\/W5htM417n2I\/AAAAAAAA50w\/szSIBMzoF10-7yMdV-dpwE-QkqfunUJ6wCLcBGAs\/s1600\/icia.jpg\" imageanchor=\"1\" style=\"margin-left: 1em; margin-right: 1em;\"><img loading=\"lazy\" decoding=\"async\" border=\"0\" data-original-height=\"372\" data-original-width=\"620\" height=\"384\" src=\"http:\/\/blogdoedvaldomagalhaes.com.br\/wp-content\/uploads\/2018\/09\/icia.jpg\" width=\"640\" \/><\/a><\/div>\n<div style=\"text-align: justify;\">\n<\/div>\n<div style=\"text-align: justify;\">\nAtrav\u00e9s de propositura do Presidente da C\u00e2mara, vereador Lula T\u00f4rres (PSDB), o Instituto do C\u00e2ncer Infantil do Agreste (ICIA) ir\u00e1 receber nesta quarta-feira (11), uma homenagem pelos seus 15 anos de exist\u00eancia. A sess\u00e3o solene dever\u00e1 acontecer \u00e0s 20h, na sede do Poder Legislativo de Caruaru.<\/div>\n<div style=\"text-align: justify;\">\n<\/div>\n<div style=\"text-align: justify;\">\nPara o propositor da solenidade, o trabalho que o ICIA vem realizando ao longo dos anos \u00e9 de fundamental import\u00e2ncia. \u201cO ICIA merece esta homenagem. Como parlamentar, uma das minhas fun\u00e7\u00f5es tamb\u00e9m \u00e9 fazer com que setores relevantes e indiv\u00edduos engajados com as quest\u00f5es sociais do munic\u00edpio recebam o seu devido reconhecimento, a partir de a\u00e7\u00f5es desta casa. E o instituto faz um belo trabalho no que diz respeito ao tratamento das crian\u00e7as com c\u00e2ncer&nbsp; e amparo e apoio \u00e0s fam\u00edlias.&nbsp; Algo imprescind\u00edvel na vida de quem enfrenta uma doen\u00e7a t\u00e3o agressiva\u201d, destaca Lula.&nbsp;<\/div>\n<div style=\"text-align: justify;\">\n<\/div>\n<div style=\"text-align: justify;\">\n<b>O ICIA<\/b><\/div>\n<div style=\"text-align: justify;\">\n<b><br \/><\/b><\/div>\n<div style=\"text-align: justify;\">\nFuncionando como uma entidade sem fins lucrativos, o Instituto do C\u00e2ncer Infantil do Agreste (ICIA) nasceu a partir da ideia do m\u00e9dico Luiz Henrique Soares, em 2003, e o seu objetivo \u00e9 trazer tratamento, apoio e atendimento multidisciplinar gratuito para crian\u00e7as com c\u00e2ncer. At\u00e9 o momento mais de 60 mil atendimentos j\u00e1 foram feitos na institui\u00e7\u00e3o.<\/div>\n<div style=\"text-align: justify;\">\n<\/div>\n","protected":false},"excerpt":{"rendered":"<p>Atrav\u00e9s de propositura do Presidente da C\u00e2mara, vereador Lula T\u00f4rres (PSDB), o Instituto do C\u00e2ncer Infantil do Agreste (ICIA) ir\u00e1&hellip;<\/p>\n","protected":false},"author":1,"featured_media":0,"comment_status":"open","ping_status":"open","sticky":false,"template":"","format":"standard","meta":{"footnotes":""},"categories":[1],"tags":[2,1291,20],"class_list":["post-1332","post","type-post","status-publish","format-standard","hentry","category-sem-categoria","tag-blog-do-edvaldo-magalhaes","tag-icia-vai-receber-homenagem-atraves-de-propositura-de-lula-torres","tag-politica"],"_links":{"self":[{"href":"https:\/\/blogdoedvaldomagalhaes.com.br\/index.php\/wp-json\/wp\/v2\/posts\/1332","targetHints":{"allow":["GET"]}}],"collection":[{"href":"https:\/\/blogdoedvaldomagalhaes.com.br\/index.php\/wp-json\/wp\/v2\/posts"}],"about":[{"href":"https:\/\/blogdoedvaldomagalhaes.com.br\/index.php\/wp-json\/wp\/v2\/types\/post"}],"author":[{"embeddable":true,"href":"https:\/\/blogdoedvaldomagalhaes.com.br\/index.php\/wp-json\/wp\/v2\/users\/1"}],"replies":[{"embeddable":true,"href":"https:\/\/blogdoedvaldomagalhaes.com.br\/index.php\/wp-json\/wp\/v2\/comments?post=1332"}],"version-history":[{"count":1,"href":"https:\/\/blogdoedvaldomagalhaes.com.br\/index.php\/wp-json\/wp\/v2\/posts\/1332\/revisions"}],"predecessor-version":[{"id":34022,"href":"https:\/\/blogdoedvaldomagalhaes.com.br\/index.php\/wp-json\/wp\/v2\/posts\/1332\/revisions\/34022"}],"wp:attachment":[{"href":"https:\/\/blogdoedvaldomagalhaes.com.br\/index.php\/wp-json\/wp\/v2\/media?parent=1332"}],"wp:term":[{"taxonomy":"category","embeddable":true,"href":"https:\/\/blogdoedvaldomagalhaes.com.br\/index.php\/wp-json\/wp\/v2\/categories?post=1332"},{"taxonomy":"post_tag","embeddable":true,"href":"https:\/\/blogdoedvaldomagalhaes.com.br\/index.php\/wp-json\/wp\/v2\/tags?post=1332"}],"curies":[{"name":"wp","href":"https:\/\/api.w.org\/{rel}","templated":true}]}}