{"id":1331,"date":"2018-09-12T01:59:00","date_gmt":"2018-09-12T04:59:00","guid":{"rendered":"http:\/\/blogdoedvaldomagalhaes.com.br\/index.php\/2018\/09\/12\/pai-e-preso-acusado-de-estuprar-o\/"},"modified":"2019-02-09T02:30:48","modified_gmt":"2019-02-09T04:30:48","slug":"pai-e-preso-acusado-de-estuprar-o","status":"publish","type":"post","link":"https:\/\/blogdoedvaldomagalhaes.com.br\/index.php\/2018\/09\/12\/pai-e-preso-acusado-de-estuprar-o\/","title":{"rendered":"Pai \u00e9 preso acusado de estuprar o pr\u00f3prio filho de 3 meses em Caruaru"},"content":{"rendered":"<div class=\"separator\" style=\"clear: both; text-align: center;\">\n<a href=\"https:\/\/3.bp.blogspot.com\/-4SvoWjEHxK0\/W5hyvTAzO0I\/AAAAAAAA508\/QO1j2rfm54si2vsaNXvpWU2rLOop02pvQCLcBGAs\/s1600\/fot.jpg\" imageanchor=\"1\" style=\"margin-left: 1em; margin-right: 1em;\"><img loading=\"lazy\" decoding=\"async\" border=\"0\" data-original-height=\"900\" data-original-width=\"1600\" height=\"360\" src=\"http:\/\/blogdoedvaldomagalhaes.com.br\/wp-content\/uploads\/2018\/09\/fot.jpg\" width=\"640\" \/><\/a><\/div>\n<div class=\"separator\" style=\"clear: both; text-align: center;\">\nImagem ilustrativa<\/div>\n<div style=\"text-align: justify;\">\n<\/div>\n<div style=\"text-align: justify;\">\n<div style=\"background-color: white; box-sizing: border-box; line-height: 24px; margin-bottom: 10px;\">\nUm homem de 39 anos foi preso na noite desta ter\u00e7a-feira (11), em Caruaru, suspeito de estuprar o filho de 3 meses. Ele foi detido no bairro Riach\u00e3o. Uma m\u00e9dica da Policl\u00ednica do Salgado acionou a Pol\u00edcia Militar ap\u00f3s atender o beb\u00ea.<\/div>\n<div style=\"background-color: white; box-sizing: border-box; line-height: 24px; margin-bottom: 10px;\">\nDe acordo com o delegado Eduardo Sunaga, a m\u00e3e da crian\u00e7a, que \u00e9 muda-surda, estava em casa com o beb\u00ea e o esposo, foi tomar banho e quando voltou o filho n\u00e3o parava de chorar e ao trocar a roupinha dele viu que havia ferimentos e chamou a madrinha, que \u00e9 interprete de Libras. As duas levaram o beb\u00ea para a Policl\u00ednica, onde a m\u00e9dica constatou a viol\u00eancia sexual.<\/div>\n<div style=\"background-color: white; box-sizing: border-box; line-height: 24px; margin-bottom: 10px;\">\nO suspeito negou que tenha abusado sexualmente do filho e disse que estava sendo injusti\u00e7ado, mas mesmo assim foi autuado em flagrante pelo estupro de vulner\u00e1vel, encaminhado para a Penitenci\u00e1ria Juiz Pl\u00e1cido de Souza e ser\u00e1 apresentado na audi\u00eancia de cust\u00f3dia nesta quarta-feira (12).<\/div>\n<div style=\"background-color: white; box-sizing: border-box; line-height: 24px; margin-bottom: 10px;\">\nFonte: R\u00e1dio Liberdade.<\/div>\n<\/div>\n","protected":false},"excerpt":{"rendered":"<p>Imagem ilustrativa Um homem de 39 anos foi preso na noite desta ter\u00e7a-feira (11), em Caruaru, suspeito de estuprar o&hellip;<\/p>\n","protected":false},"author":1,"featured_media":0,"comment_status":"open","ping_status":"open","sticky":false,"template":"","format":"standard","meta":{"footnotes":""},"categories":[1],"tags":[2,1290,13],"class_list":["post-1331","post","type-post","status-publish","format-standard","hentry","category-sem-categoria","tag-blog-do-edvaldo-magalhaes","tag-pai-e-preso-acusado-de-estuprar-o-proprio-filho-de-3-meses-em-caruaru","tag-policial"],"_links":{"self":[{"href":"https:\/\/blogdoedvaldomagalhaes.com.br\/index.php\/wp-json\/wp\/v2\/posts\/1331","targetHints":{"allow":["GET"]}}],"collection":[{"href":"https:\/\/blogdoedvaldomagalhaes.com.br\/index.php\/wp-json\/wp\/v2\/posts"}],"about":[{"href":"https:\/\/blogdoedvaldomagalhaes.com.br\/index.php\/wp-json\/wp\/v2\/types\/post"}],"author":[{"embeddable":true,"href":"https:\/\/blogdoedvaldomagalhaes.com.br\/index.php\/wp-json\/wp\/v2\/users\/1"}],"replies":[{"embeddable":true,"href":"https:\/\/blogdoedvaldomagalhaes.com.br\/index.php\/wp-json\/wp\/v2\/comments?post=1331"}],"version-history":[{"count":1,"href":"https:\/\/blogdoedvaldomagalhaes.com.br\/index.php\/wp-json\/wp\/v2\/posts\/1331\/revisions"}],"predecessor-version":[{"id":34024,"href":"https:\/\/blogdoedvaldomagalhaes.com.br\/index.php\/wp-json\/wp\/v2\/posts\/1331\/revisions\/34024"}],"wp:attachment":[{"href":"https:\/\/blogdoedvaldomagalhaes.com.br\/index.php\/wp-json\/wp\/v2\/media?parent=1331"}],"wp:term":[{"taxonomy":"category","embeddable":true,"href":"https:\/\/blogdoedvaldomagalhaes.com.br\/index.php\/wp-json\/wp\/v2\/categories?post=1331"},{"taxonomy":"post_tag","embeddable":true,"href":"https:\/\/blogdoedvaldomagalhaes.com.br\/index.php\/wp-json\/wp\/v2\/tags?post=1331"}],"curies":[{"name":"wp","href":"https:\/\/api.w.org\/{rel}","templated":true}]}}