{"id":1330,"date":"2018-09-12T02:07:00","date_gmt":"2018-09-12T05:07:00","guid":{"rendered":"http:\/\/blogdoedvaldomagalhaes.com.br\/index.php\/2018\/09\/12\/confira-o-resultado-da-pesquisa-ibope\/"},"modified":"2019-02-09T02:30:49","modified_gmt":"2019-02-09T04:30:49","slug":"confira-o-resultado-da-pesquisa-ibope","status":"publish","type":"post","link":"https:\/\/blogdoedvaldomagalhaes.com.br\/index.php\/2018\/09\/12\/confira-o-resultado-da-pesquisa-ibope\/","title":{"rendered":"Confira o resultado da pesquisa Ibope para presidente do Brasil"},"content":{"rendered":"<p><\/p>\n<div class=\"separator\" style=\"clear: both; text-align: center;\">\n<\/div>\n<div class=\"separator\" style=\"clear: both; text-align: center;\">\n<a href=\"https:\/\/1.bp.blogspot.com\/-Vm-6ErnLHrI\/W5h0hZ1RjhI\/AAAAAAAA51Q\/TDQl7wUk3MYrtpT_aASwtNEg3aOYdPSnACLcBGAs\/s1600\/sim.png\" imageanchor=\"1\" style=\"margin-left: 1em; margin-right: 1em;\"><img loading=\"lazy\" decoding=\"async\" border=\"0\" data-original-height=\"300\" data-original-width=\"615\" height=\"310\" src=\"http:\/\/blogdoedvaldomagalhaes.com.br\/wp-content\/uploads\/2018\/09\/sim.png\" width=\"640\" \/><\/a><\/div>\n<div style=\"text-align: justify;\">\n<\/div>\n<p><\/p>\n<div style=\"text-align: justify;\">\nO Ibope divulgou nesta ter\u00e7a-feira (11) o resultado da mais recente pesquisa de inten\u00e7\u00e3o de voto na elei\u00e7\u00e3o presidencial. A pesquisa ouviu 2.002 eleitores entre s\u00e1bado (8) e segunda-feira (10). A margem de erro \u00e9 de dois pontos para mais ou para menos.&nbsp;Os resultados foram os seguintes:<\/div>\n<div style=\"text-align: justify;\">\n<div>\n<\/div>\n<div>\nJair Bolsonaro (PSL): 26%<\/div>\n<div>\nCiro Gomes (PDT): 11%<\/div>\n<div>\nMarina Silva (Rede): 9%<\/div>\n<div>\nGeraldo Alckmin (PSDB): 9%<\/div>\n<div>\nFernando Haddad (PT): 8%<\/div>\n<div>\nAlvaro Dias (Podemos): 3%<\/div>\n<div>\nJo\u00e3o Amo\u00eado (Novo): 3%<\/div>\n<div>\nHenrique Meirelles (MDB): 3%<\/div>\n<div>\nVera (PSTU): 1%<\/div>\n<div>\nCabo Daciolo (Patriota): 1%<\/div>\n<div>\nGuilherme Boulos (PSOL): 0%<\/div>\n<div>\nJo\u00e3o Goulart Filho (PPL): 0%<\/div>\n<div>\nEymael (DC): 0%<\/div>\n<div>\nBranco\/nulos: 19%<\/div>\n<div>\nN\u00e3o sabe\/n\u00e3o respondeu: 7%<\/div>\n<div>\nEvolu\u00e7\u00e3o da inten\u00e7\u00e3o de voto<\/p>\n<p><b>Veja os cen\u00e1rios para segundo turno<\/b><br \/>\n<b><br \/><\/b><br \/>\nNas simula\u00e7\u00f5es de segundo turno, Bolsonaro teria 37% em uma disputa direta com Ciro, que alcan\u00e7aria 40%&nbsp; \u2013&nbsp; o que configura empate t\u00e9cnico. Tamb\u00e9m haveria empate com Alckmin (38% para o tucano, 37% para o militar da reserva) e Marina (38% a 38%). Contra Haddad, o placar pr\u00f3-Bolsonaro seria de 40% a 36%&nbsp; \u2013&nbsp; um empate no limite da margem de erro, o que significa que s\u00e3o muito maiores as probabilidades de o candidato do PSL estar \u00e0 frente.<\/p>\n<p><b>Espont\u00e2nea<\/b><\/p>\n<p>Na inten\u00e7\u00e3o de voto espont\u00e2nea, em que os entrevistadores n\u00e3o apresentam a op\u00e7\u00e3o de nomes dos candidatos, Bolsonaro aparece com 23%, subindo seis pontos em rela\u00e7\u00e3o \u00e0 \u00faltima pesquisa. Lula foi citado por 15% dos entrevistados, uma queda de sete pontos em compara\u00e7\u00e3o ao dia 5 de setembro. Ciro aparece com 5%, Haddad, 4%, Alckmin, 4% e Marina, 3%. Amo\u00eado tem 2% das inten\u00e7\u00f5es de voto; Alvaro Dias e Henrique Meirelles t\u00eam 1%. Outros candidatos n\u00e3o pontuaram; 18% dos entrevistados disseram que votariam em branco ou nulo e 21% n\u00e3o souberam responder ou preferiram n\u00e3o opinar.<\/p>\n<\/div>\n<div>\n<\/p>\n<div>\n<b>Rejei\u00e7\u00e3o<\/b><\/div>\n<p><\/p>\n<div>\n<b><br \/><\/b><\/div>\n<div>\nO Ibope tamb\u00e9m mediu a taxa de rejei\u00e7\u00e3o (candidatos nos quais o eleitor diz que n\u00e3o votar\u00e1 de jeito nenhum). Nesse item, os entrevistados puderam escolher mais de um nome. Veja os \u00edndices:<\/div>\n<div>\n<\/div>\n<div>\nBolsonaro: 41%<\/div>\n<div>\nMarina: 24%<\/div>\n<div>\nHaddad: 23%<\/div>\n<div>\nAlckmin: 19%<\/div>\n<div>\nCiro: 17%<\/div>\n<div>\nMeirelles: 11&#8217;%<\/div>\n<div>\nCabo Daciolo: 11%<\/div>\n<div>\nEymael: 11%<\/div>\n<div>\nBoulos: 11%<\/div>\n<div>\nVera: 11%<\/div>\n<div>\nAmo\u00eado: 10%<\/div>\n<div>\nAlvaro Dias: 9%<\/div>\n<div>\nJo\u00e3o Goulart Filho: 8%<\/div>\n<div>\nPoderia votar em todos: 2%<\/div>\n<div>\nN\u00e3o sabe\/n\u00e3o respondeu: 11%<\/div>\n<div>\n<\/div>\n<div>\n<div>\n<b>Sobre a pesquisa<\/b><\/div>\n<div>\n<b><br \/><\/b><\/div>\n<div>\nA pesquisa foi realizada entre os dias 8 e 10 de setembro. Foram realizadas 2.002 entrevistas com eleitores de 145 cidades. A margem de erro estimada \u00e9 de 2 pontos porcentuais para mais ou para menos. O n\u00edvel de confian\u00e7a \u00e9 de 95%. Isso quer dizer que h\u00e1 uma probabilidade de 95% de os resultados retratarem o atual momento eleitoral. A pesquisa foi contratada por IBOPE Intelig\u00eancia Pesquisa e Consultoria LTDA e est\u00e1 registrada no Tribunal Superior Eleitoral sob o protocolo BR05221\/2018.<\/div>\n<\/div>\n<\/div>\n<\/div>\n","protected":false},"excerpt":{"rendered":"<p>O Ibope divulgou nesta ter\u00e7a-feira (11) o resultado da mais recente pesquisa de inten\u00e7\u00e3o de voto na elei\u00e7\u00e3o presidencial. A&hellip;<\/p>\n","protected":false},"author":1,"featured_media":0,"comment_status":"open","ping_status":"open","sticky":false,"template":"","format":"standard","meta":{"footnotes":""},"categories":[1],"tags":[2,1289,20],"class_list":["post-1330","post","type-post","status-publish","format-standard","hentry","category-sem-categoria","tag-blog-do-edvaldo-magalhaes","tag-confira-o-resultado-da-pesquisa-ibope-para-presidente-do-brasil","tag-politica"],"_links":{"self":[{"href":"https:\/\/blogdoedvaldomagalhaes.com.br\/index.php\/wp-json\/wp\/v2\/posts\/1330","targetHints":{"allow":["GET"]}}],"collection":[{"href":"https:\/\/blogdoedvaldomagalhaes.com.br\/index.php\/wp-json\/wp\/v2\/posts"}],"about":[{"href":"https:\/\/blogdoedvaldomagalhaes.com.br\/index.php\/wp-json\/wp\/v2\/types\/post"}],"author":[{"embeddable":true,"href":"https:\/\/blogdoedvaldomagalhaes.com.br\/index.php\/wp-json\/wp\/v2\/users\/1"}],"replies":[{"embeddable":true,"href":"https:\/\/blogdoedvaldomagalhaes.com.br\/index.php\/wp-json\/wp\/v2\/comments?post=1330"}],"version-history":[{"count":1,"href":"https:\/\/blogdoedvaldomagalhaes.com.br\/index.php\/wp-json\/wp\/v2\/posts\/1330\/revisions"}],"predecessor-version":[{"id":34026,"href":"https:\/\/blogdoedvaldomagalhaes.com.br\/index.php\/wp-json\/wp\/v2\/posts\/1330\/revisions\/34026"}],"wp:attachment":[{"href":"https:\/\/blogdoedvaldomagalhaes.com.br\/index.php\/wp-json\/wp\/v2\/media?parent=1330"}],"wp:term":[{"taxonomy":"category","embeddable":true,"href":"https:\/\/blogdoedvaldomagalhaes.com.br\/index.php\/wp-json\/wp\/v2\/categories?post=1330"},{"taxonomy":"post_tag","embeddable":true,"href":"https:\/\/blogdoedvaldomagalhaes.com.br\/index.php\/wp-json\/wp\/v2\/tags?post=1330"}],"curies":[{"name":"wp","href":"https:\/\/api.w.org\/{rel}","templated":true}]}}