{"id":132922,"date":"2026-09-05T22:04:03","date_gmt":"2026-09-06T01:04:03","guid":{"rendered":"https:\/\/blogdoedvaldomagalhaes.com.br\/?p=132922"},"modified":"2026-09-05T22:04:03","modified_gmt":"2026-09-06T01:04:03","slug":"depois-de-caminhada-historica-raquel-visita-a-feira-de-caruaru-e-destaca-obras-que-estao-transformando-o-parque-18-de-maio","status":"publish","type":"post","link":"https:\/\/blogdoedvaldomagalhaes.com.br\/index.php\/2026\/09\/05\/depois-de-caminhada-historica-raquel-visita-a-feira-de-caruaru-e-destaca-obras-que-estao-transformando-o-parque-18-de-maio\/","title":{"rendered":"Depois de caminhada hist\u00f3rica, Raquel visita a Feira de Caruaru e destaca obras que est\u00e3o transformando o Parque 18 de Maio"},"content":{"rendered":"\n<p class=\"wp-block-paragraph\">Um dia depois de reunir uma verdadeira multid\u00e3o em uma caminhada hist\u00f3rica pelas ruas de Caruaru, a governadora e candidata \u00e0 reelei\u00e7\u00e3o, Raquel Lyra (PSD), visitou, na manh\u00e3 deste s\u00e1bado (5), a tradicional Feira de Caruaru, no Parque 18 de Maio. Na ocasi\u00e3o, conversou com feirantes, comerciantes e consumidores e destacou os investimentos que est\u00e3o transformando a Feira e melhorando as estradas de acesso ao munic\u00edpio.<\/p>\n\n\n\n<p class=\"wp-block-paragraph\">\u201cEstamos melhorando os espa\u00e7os aqui no Parque 18 de Maio para dar mais dignidade a quem comercializa os seus produtos e a quem vem comprar. Tamb\u00e9m estamos ajeitando as estradas, a exemplo da duplica\u00e7\u00e3o da PE-95, para que as pessoas possam vir para Caruaru com tranquilidade e seguran\u00e7a\u201d, afirmou.<\/p>\n\n\n\n<p class=\"wp-block-paragraph\">A visita foi marcada tamb\u00e9m pelo reconhecimento dos pr\u00f3prios feirantes. Maria Eunice de Alencar, que trabalha com a venda de frutas, agradeceu a aten\u00e7\u00e3o que a governadora vem dando \u00e0 Feira de Caruaru. \u201cS\u00f3 temos o que agradecer \u00e0 senhora pela aten\u00e7\u00e3o e os investimentos que est\u00e3o chegando na nossa feira\u201d, disse.<\/p>\n\n\n\n<p class=\"wp-block-paragraph\">A reforma e amplia\u00e7\u00e3o da Feira de Caruaru conta com R$ 10,93 milh\u00f5es e prev\u00ea nova cobertura, boxes, pra\u00e7a de alimenta\u00e7\u00e3o, pisos, banheiros e melhorias na infraestrutura. Na PE-95, s\u00e3o R$ 41,8 milh\u00f5es destinados \u00e0s interven\u00e7\u00f5es.<\/p>\n\n\n\n<p class=\"wp-block-paragraph\">Prefeita de Caruaru por dois mandatos, Raquel mant\u00e9m uma rela\u00e7\u00e3o hist\u00f3rica com a cidade, que foi fundamental em sua trajet\u00f3ria pol\u00edtica.<\/p>\n\n\n\n<p class=\"wp-block-paragraph\">Depois da demonstra\u00e7\u00e3o de for\u00e7a popular nas ruas, a governadora refor\u00e7ou sua mensagem de continuidade: \u201cO melhor ainda est\u00e1 por vir.\u201d<\/p>\n\n\n\n<p class=\"wp-block-paragraph\">Foto:  Jana\u00edna Pepeu. <br>Siga o nosso Instagram @portaledivaldomagalhaes<\/p>\n","protected":false},"excerpt":{"rendered":"<p>Um dia depois de reunir uma verdadeira multid\u00e3o em uma caminhada hist\u00f3rica pelas ruas de Caruaru, a governadora e candidata&hellip;<\/p>\n","protected":false},"author":1,"featured_media":132923,"comment_status":"closed","ping_status":"open","sticky":false,"template":"","format":"standard","meta":{"footnotes":""},"categories":[14122],"tags":[13146,8606,2407,36989,1229],"class_list":["post-132922","post","type-post","status-publish","format-standard","has-post-thumbnail","hentry","category-politica","tag-blog-edvaldo-magalhaes","tag-feira-de-caruaru","tag-parque-18-de-maio","tag-portal-edivaldo-magalhaes","tag-raquel-lyra"],"_links":{"self":[{"href":"https:\/\/blogdoedvaldomagalhaes.com.br\/index.php\/wp-json\/wp\/v2\/posts\/132922","targetHints":{"allow":["GET"]}}],"collection":[{"href":"https:\/\/blogdoedvaldomagalhaes.com.br\/index.php\/wp-json\/wp\/v2\/posts"}],"about":[{"href":"https:\/\/blogdoedvaldomagalhaes.com.br\/index.php\/wp-json\/wp\/v2\/types\/post"}],"author":[{"embeddable":true,"href":"https:\/\/blogdoedvaldomagalhaes.com.br\/index.php\/wp-json\/wp\/v2\/users\/1"}],"replies":[{"embeddable":true,"href":"https:\/\/blogdoedvaldomagalhaes.com.br\/index.php\/wp-json\/wp\/v2\/comments?post=132922"}],"version-history":[{"count":1,"href":"https:\/\/blogdoedvaldomagalhaes.com.br\/index.php\/wp-json\/wp\/v2\/posts\/132922\/revisions"}],"predecessor-version":[{"id":132924,"href":"https:\/\/blogdoedvaldomagalhaes.com.br\/index.php\/wp-json\/wp\/v2\/posts\/132922\/revisions\/132924"}],"wp:featuredmedia":[{"embeddable":true,"href":"https:\/\/blogdoedvaldomagalhaes.com.br\/index.php\/wp-json\/wp\/v2\/media\/132923"}],"wp:attachment":[{"href":"https:\/\/blogdoedvaldomagalhaes.com.br\/index.php\/wp-json\/wp\/v2\/media?parent=132922"}],"wp:term":[{"taxonomy":"category","embeddable":true,"href":"https:\/\/blogdoedvaldomagalhaes.com.br\/index.php\/wp-json\/wp\/v2\/categories?post=132922"},{"taxonomy":"post_tag","embeddable":true,"href":"https:\/\/blogdoedvaldomagalhaes.com.br\/index.php\/wp-json\/wp\/v2\/tags?post=132922"}],"curies":[{"name":"wp","href":"https:\/\/api.w.org\/{rel}","templated":true}]}}