{"id":132917,"date":"2026-09-05T21:40:36","date_gmt":"2026-09-06T00:40:36","guid":{"rendered":"https:\/\/blogdoedvaldomagalhaes.com.br\/?p=132917"},"modified":"2026-09-05T21:49:16","modified_gmt":"2026-09-06T00:49:16","slug":"homem-e-assassinado-a-tiros-em-caruaru-9","status":"publish","type":"post","link":"https:\/\/blogdoedvaldomagalhaes.com.br\/index.php\/2026\/09\/05\/homem-e-assassinado-a-tiros-em-caruaru-9\/","title":{"rendered":"Homem \u00e9 assassinado a tiros em Caruaru"},"content":{"rendered":"\n<p class=\"wp-block-paragraph\">Um homem foi assassinado a tiros neste s\u00e1bado (5), no bairro Morada Nova, em Caruaru, no Agreste de Pernambuco.<\/p>\n\n\n\n<p class=\"wp-block-paragraph\">As circunst\u00e2ncias do crime ainda est\u00e3o sendo apuradas. A Pol\u00edcia Militar foi acionada e a \u00e1rea deve ser isolada para a realiza\u00e7\u00e3o da per\u00edcia. A autoria e a motiva\u00e7\u00e3o do homic\u00eddio ainda s\u00e3o desconhecidas.<\/p>\n\n\n\n<figure class=\"wp-block-image size-large\"><img loading=\"lazy\" decoding=\"async\" width=\"576\" height=\"1024\" src=\"https:\/\/blogdoedvaldomagalhaes.com.br\/wp-content\/uploads\/2026\/09\/7f7409c5-2aa5-4c3d-a158-de79870e405d-576x1024.jpg\" class=\"wp-image-132920\" srcset=\"https:\/\/blogdoedvaldomagalhaes.com.br\/wp-content\/uploads\/2026\/09\/7f7409c5-2aa5-4c3d-a158-de79870e405d-576x1024.jpg 576w, https:\/\/blogdoedvaldomagalhaes.com.br\/wp-content\/uploads\/2026\/09\/7f7409c5-2aa5-4c3d-a158-de79870e405d-169x300.jpg 169w, https:\/\/blogdoedvaldomagalhaes.com.br\/wp-content\/uploads\/2026\/09\/7f7409c5-2aa5-4c3d-a158-de79870e405d-768x1365.jpg 768w, https:\/\/blogdoedvaldomagalhaes.com.br\/wp-content\/uploads\/2026\/09\/7f7409c5-2aa5-4c3d-a158-de79870e405d-864x1536.jpg 864w, https:\/\/blogdoedvaldomagalhaes.com.br\/wp-content\/uploads\/2026\/09\/7f7409c5-2aa5-4c3d-a158-de79870e405d.jpg 900w\" sizes=\"auto, (max-width: 576px) 100vw, 576px\" \/><\/figure>\n\n\n\n<p class=\"wp-block-paragraph\">O caso ser\u00e1 investigado pela Pol\u00edcia Civil.<\/p>\n\n\n\n<p class=\"wp-block-paragraph\">\ud83d\udcf2 Acompanhe o Portal Edvaldo Magalh\u00e3es para mais informa\u00e7\u00f5es sobre o caso.<\/p>\n\n\n\n<p class=\"wp-block-paragraph\">#Caruaru #MoradaNova #Homic\u00eddio #Pol\u00edcia #AgresteDePernambuco #PortalEdvaldoMagalh\u00e3es. <br><br>Siga o nosso Instagram @portaledivaldomagalhaes<br>Fotos: Reprodu\u00e7\u00e3o<\/p>\n","protected":false},"excerpt":{"rendered":"<p>Um homem foi assassinado a tiros neste s\u00e1bado (5), no bairro Morada Nova, em Caruaru, no Agreste de Pernambuco. As&hellip;<\/p>\n","protected":false},"author":1,"featured_media":132918,"comment_status":"closed","ping_status":"open","sticky":false,"template":"","format":"standard","meta":{"footnotes":""},"categories":[14121],"tags":[27410,13146,13205,5448,36989],"class_list":["post-132917","post","type-post","status-publish","format-standard","has-post-thumbnail","hentry","category-policial","tag-blog-de-caruaru","tag-blog-edvaldo-magalhaes","tag-homem-e-assassinado-a-tiros-em-caruaru","tag-homicidio","tag-portal-edivaldo-magalhaes"],"_links":{"self":[{"href":"https:\/\/blogdoedvaldomagalhaes.com.br\/index.php\/wp-json\/wp\/v2\/posts\/132917","targetHints":{"allow":["GET"]}}],"collection":[{"href":"https:\/\/blogdoedvaldomagalhaes.com.br\/index.php\/wp-json\/wp\/v2\/posts"}],"about":[{"href":"https:\/\/blogdoedvaldomagalhaes.com.br\/index.php\/wp-json\/wp\/v2\/types\/post"}],"author":[{"embeddable":true,"href":"https:\/\/blogdoedvaldomagalhaes.com.br\/index.php\/wp-json\/wp\/v2\/users\/1"}],"replies":[{"embeddable":true,"href":"https:\/\/blogdoedvaldomagalhaes.com.br\/index.php\/wp-json\/wp\/v2\/comments?post=132917"}],"version-history":[{"count":2,"href":"https:\/\/blogdoedvaldomagalhaes.com.br\/index.php\/wp-json\/wp\/v2\/posts\/132917\/revisions"}],"predecessor-version":[{"id":132921,"href":"https:\/\/blogdoedvaldomagalhaes.com.br\/index.php\/wp-json\/wp\/v2\/posts\/132917\/revisions\/132921"}],"wp:featuredmedia":[{"embeddable":true,"href":"https:\/\/blogdoedvaldomagalhaes.com.br\/index.php\/wp-json\/wp\/v2\/media\/132918"}],"wp:attachment":[{"href":"https:\/\/blogdoedvaldomagalhaes.com.br\/index.php\/wp-json\/wp\/v2\/media?parent=132917"}],"wp:term":[{"taxonomy":"category","embeddable":true,"href":"https:\/\/blogdoedvaldomagalhaes.com.br\/index.php\/wp-json\/wp\/v2\/categories?post=132917"},{"taxonomy":"post_tag","embeddable":true,"href":"https:\/\/blogdoedvaldomagalhaes.com.br\/index.php\/wp-json\/wp\/v2\/tags?post=132917"}],"curies":[{"name":"wp","href":"https:\/\/api.w.org\/{rel}","templated":true}]}}