{"id":1329,"date":"2018-09-12T02:19:00","date_gmt":"2018-09-12T05:19:00","guid":{"rendered":"http:\/\/blogdoedvaldomagalhaes.com.br\/index.php\/2018\/09\/12\/resultado-da-2-pesquisa-ipespefolha\/"},"modified":"2019-02-09T02:30:49","modified_gmt":"2019-02-09T04:30:49","slug":"resultado-da-2-pesquisa-ipespefolha","status":"publish","type":"post","link":"https:\/\/blogdoedvaldomagalhaes.com.br\/index.php\/2018\/09\/12\/resultado-da-2-pesquisa-ipespefolha\/","title":{"rendered":"Resultado da 2\u00aa pesquisa Ipespe\/Folha para o governo de Pernambuco"},"content":{"rendered":"<div class=\"separator\" style=\"clear: both; text-align: center;\">\n<a href=\"https:\/\/3.bp.blogspot.com\/-wtalQU77iWI\/W5h3RKNptcI\/AAAAAAAA51c\/bNm82PWj00YwOMfuJ2WFXqgwN-dCsUghQCLcBGAs\/s1600\/folha.jpg\" imageanchor=\"1\" style=\"margin-left: 1em; margin-right: 1em;\"><img loading=\"lazy\" decoding=\"async\" border=\"0\" data-original-height=\"429\" data-original-width=\"930\" height=\"290\" src=\"http:\/\/blogdoedvaldomagalhaes.com.br\/wp-content\/uploads\/2018\/09\/folha-1.jpg\" width=\"640\" \/><\/a><\/div>\n<div style=\"text-align: justify;\">\n<\/div>\n<div style=\"text-align: justify;\">\nO governador Paulo C\u00e2mara (PSB) cresceu cinco pontos percentuais e aparece isolado na lideran\u00e7a, na segunda pesquisa de inten\u00e7\u00e3o de voto realizada pelo Instituto de Pesquisas Sociais, Pol\u00edticas e Econ\u00f4micas (IPESPE), em parceria com a Folha de Pernambuco. Na disputa pelo Governo do Estado, Paulo aparece com 35%, seguido do senador Armando Monteiro Neto (PTB), que oscilou um ponto percentual dentro da margem de erro, chegando a 25%. O levantamento foi feito entre os dias 6 e 8 de setembro.&nbsp;<\/div>\n<div style=\"text-align: justify;\">\n<\/div>\n<div style=\"text-align: justify;\">\nA pesquisa ouviu 800 entrevistados, usando uma metodologia face a face, e contempla crit\u00e9rios de sexo, idade, instru\u00e7\u00e3o, renda e pela condi\u00e7\u00e3o do munic\u00edpio. A margem de erro \u00e9 de 3,5 pontos percentuais para mais ou para menos, com um intervalo de confian\u00e7a de 95,45%. O levantamento est\u00e1 registrado no Tribunal Superior Eleitoral (TSE) sob os n\u00fameros de protocolo BR-05453\/2018 e PE-05575\/2018.<\/div>\n<div style=\"text-align: justify;\">\n<\/div>\n<div style=\"text-align: justify;\">\nA primeira pesquisa realizada pela parceria IPESPE\/Folha ocorreu entre os dias 11 e 13 de agosto, servindo como base comparativa para o levantamento atual. O n\u00famero de indecisos aumentou de 8% para 11%, enquanto o n\u00famero de Brancos e Nulos caiu, de 27% para 23%.<\/div>\n<div style=\"text-align: justify;\">\n<\/div>\n<div style=\"text-align: justify;\">\nO candidato do Pros, o ex-deputado federal Maur\u00edcio Rands oscilou negativamente dentro da margem de erro e aparece com 2%. O ex-prefeito de Petrolina, Julio Lossio (Rede), tamb\u00e9m oscilou negativamente, surgindo com 2% das inten\u00e7\u00f5es de voto no estudo mais recente. A candidata do Psol, Dani Portela, registrou apenas 1%. J\u00e1 Ana Patr\u00edcia Alves (PCO), que n\u00e3o apareceu na primeira escuta, obteve 1% das men\u00e7\u00f5es.<\/div>\n<div style=\"text-align: justify;\">\n<\/div>\n","protected":false},"excerpt":{"rendered":"<p>O governador Paulo C\u00e2mara (PSB) cresceu cinco pontos percentuais e aparece isolado na lideran\u00e7a, na segunda pesquisa de inten\u00e7\u00e3o de&hellip;<\/p>\n","protected":false},"author":1,"featured_media":0,"comment_status":"open","ping_status":"open","sticky":false,"template":"","format":"standard","meta":{"footnotes":""},"categories":[1],"tags":[2,20,1288],"class_list":["post-1329","post","type-post","status-publish","format-standard","hentry","category-sem-categoria","tag-blog-do-edvaldo-magalhaes","tag-politica","tag-resultado-da-2a-pesquisa-ipespe-folha-para-o-governo-de-pernambuco"],"_links":{"self":[{"href":"https:\/\/blogdoedvaldomagalhaes.com.br\/index.php\/wp-json\/wp\/v2\/posts\/1329","targetHints":{"allow":["GET"]}}],"collection":[{"href":"https:\/\/blogdoedvaldomagalhaes.com.br\/index.php\/wp-json\/wp\/v2\/posts"}],"about":[{"href":"https:\/\/blogdoedvaldomagalhaes.com.br\/index.php\/wp-json\/wp\/v2\/types\/post"}],"author":[{"embeddable":true,"href":"https:\/\/blogdoedvaldomagalhaes.com.br\/index.php\/wp-json\/wp\/v2\/users\/1"}],"replies":[{"embeddable":true,"href":"https:\/\/blogdoedvaldomagalhaes.com.br\/index.php\/wp-json\/wp\/v2\/comments?post=1329"}],"version-history":[{"count":1,"href":"https:\/\/blogdoedvaldomagalhaes.com.br\/index.php\/wp-json\/wp\/v2\/posts\/1329\/revisions"}],"predecessor-version":[{"id":34028,"href":"https:\/\/blogdoedvaldomagalhaes.com.br\/index.php\/wp-json\/wp\/v2\/posts\/1329\/revisions\/34028"}],"wp:attachment":[{"href":"https:\/\/blogdoedvaldomagalhaes.com.br\/index.php\/wp-json\/wp\/v2\/media?parent=1329"}],"wp:term":[{"taxonomy":"category","embeddable":true,"href":"https:\/\/blogdoedvaldomagalhaes.com.br\/index.php\/wp-json\/wp\/v2\/categories?post=1329"},{"taxonomy":"post_tag","embeddable":true,"href":"https:\/\/blogdoedvaldomagalhaes.com.br\/index.php\/wp-json\/wp\/v2\/tags?post=1329"}],"curies":[{"name":"wp","href":"https:\/\/api.w.org\/{rel}","templated":true}]}}