{"id":132897,"date":"2026-09-05T19:49:44","date_gmt":"2026-09-05T22:49:44","guid":{"rendered":"https:\/\/blogdoedvaldomagalhaes.com.br\/?p=132897"},"modified":"2026-09-05T19:49:44","modified_gmt":"2026-09-05T22:49:44","slug":"apos-11-anos-governo-de-pernambuco-retoma-monitoramento-de-tubaroes-no-litoral-da-regiao-metropolitana","status":"publish","type":"post","link":"https:\/\/blogdoedvaldomagalhaes.com.br\/index.php\/2026\/09\/05\/apos-11-anos-governo-de-pernambuco-retoma-monitoramento-de-tubaroes-no-litoral-da-regiao-metropolitana\/","title":{"rendered":"Ap\u00f3s 11 anos, Governo de Pernambuco retoma monitoramento de tubar\u00f5es no litoral da Regi\u00e3o Metropolitana"},"content":{"rendered":"\n<p class=\"wp-block-paragraph\"><em>Dados sobre ocorr\u00eancia e uso de habitats dos animais v\u00e3o subsidiar estrat\u00e9gias de manejo, conserva\u00e7\u00e3o e formula\u00e7\u00e3o de pol\u00edticas p\u00fablicas para prevenir incidentes<\/em><\/p>\n\n\n\n<p class=\"wp-block-paragraph\">O Governo de Pernambuco, por meio da Secretaria de Meio Ambiente, Sustentabilidade e de Fernando de Noronha (Semas), retomou, nesta sexta-feira (4), o monitoramento cient\u00edfico de tubar\u00f5es no litoral da Regi\u00e3o Metropolitana do Recife, ap\u00f3s 11 anos de atividades paralisadas na RMR. As expedi\u00e7\u00f5es do Projeto Ecotuba, coordenado pela Universidade Federal Rural de Pernambuco (UFRPE), ter\u00e3o como objetivo ampliar o conhecimento sobre esses animais, produzindo informa\u00e7\u00f5es que contribuam para o aprimoramento das a\u00e7\u00f5es de preven\u00e7\u00e3o de incidentes, seguran\u00e7a aqu\u00e1tica e conserva\u00e7\u00e3o marinha.<\/p>\n\n\n\n<p class=\"wp-block-paragraph\">\u201cO monitoramento representa o cuidado com o meio ambiente e com a seguran\u00e7a da popula\u00e7\u00e3o. Ao investir em ci\u00eancia e ampliar o conhecimento sobre os tubar\u00f5es, estamos fortalecendo as a\u00e7\u00f5es de conserva\u00e7\u00e3o e construindo estrat\u00e9gias cada vez mais eficientes para o litoral pernambucano\u201d, afirmou o secret\u00e1rio em exerc\u00edcio de Meio Ambiente, Sustentabilidade e de Fernando de Noronha, Gustavo Pereira.<\/p>\n\n\n\n<p class=\"wp-block-paragraph\">O projeto ter\u00e1 dura\u00e7\u00e3o de 24 meses com expectativa de marca\u00e7\u00e3o de at\u00e9 50 tubar\u00f5es. Ao todo, o projeto recebe investimento de R$ 2.052 milh\u00f5es, sendo R$ 1.052 milh\u00e3o oriundos da Secretaria de Ci\u00eancia, Tecnologia e Inova\u00e7\u00e3o de Pernambuco (Secti) por meio da Funda\u00e7\u00e3o de Amparo \u00e0 Ci\u00eancia e Tecnologia do Estado de Pernambuco (Facepe) e R$ 1 milh\u00e3o aportados pelo Fundo Estadual de Meio Ambiente (Fema). As primeiras expedi\u00e7\u00f5es acontecem at\u00e9 ter\u00e7a-feira (8).<\/p>\n\n\n\n<p class=\"wp-block-paragraph\">\u201cO que realizamos hoje foi uma sa\u00edda piloto, a fun\u00e7\u00e3o dela \u00e9 testarmos o equipamento, a embarca\u00e7\u00e3o e a metodologia do projeto. A partir dela, podemos corrigir alguns ajustes para as pr\u00f3ximas expedi\u00e7\u00f5es\u201d, detalhou Danise Alves, secret\u00e1ria executiva do Comit\u00ea Estadual de Monitoramento de Incidentes com Tubar\u00f5es (Cemit).<\/p>\n\n\n\n<p class=\"wp-block-paragraph\">Durante as expedi\u00e7\u00f5es, os tubar\u00f5es ser\u00e3o capturados utilizando-se a t\u00e9cnica de pesca com espinhel (linha de pesca com anz\u00f3is presos a cabos resistentes \u00e0s mordidas de grandes predadores, que s\u00e3o atra\u00eddos por iscas de peixes). A bordo da embarca\u00e7\u00e3o, os animais ser\u00e3o submetidos a procedimentos realizados de acordo com as normas do Comit\u00ea de \u00c9tica no Uso de Animais (Ceua). Para reduzir o estresse durante o manejo, os indiv\u00edduos ter\u00e3o os olhos cobertos com um tecido escuro. Em seguida, o anzol ser\u00e1 retirado para o in\u00edcio dos procedimentos, que contempla medi\u00e7\u00e3o do comprimento corp\u00f3reo, identifica\u00e7\u00e3o do sexo, ultrassonografia em f\u00eameas para avalia\u00e7\u00e3o do est\u00e1gio reprodutivo, e coleta de amostras de tecido e sangue, para an\u00e1lises gen\u00e9ticas e de biomonitoramento.<\/p>\n\n\n\n<p class=\"wp-block-paragraph\">Os animais tamb\u00e9m receber\u00e3o uma marca externa (tag ou etiqueta de marca\u00e7\u00e3o individual) com as informa\u00e7\u00f5es de contato do projeto, fixada na base da primeira nadadeira dorsal, al\u00e9m de um transmissor interno (microchip) implantado por meio de procedimento cir\u00fargico na regi\u00e3o ventral. Tamb\u00e9m ser\u00e3o coletadas informa\u00e7\u00f5es ambientais e atmosf\u00e9ricas, como temperatura da superf\u00edcie do mar, dire\u00e7\u00e3o dos ventos e das correntes, salinidade e turbidez da \u00e1gua.<\/p>\n\n\n\n<p class=\"wp-block-paragraph\">A equipe de embarque conta com seis pesquisadores e atua em uma estrat\u00e9gia de monitoramento cient\u00edfico voltada \u00e0 gera\u00e7\u00e3o de dados de distribui\u00e7\u00e3o, padr\u00f5es de ocorr\u00eancia e comportamento dos animais, sendo preferencialmente estudadas as esp\u00e9cies relacionadas aos incidentes na regi\u00e3o: tubar\u00e3o-tigre (Galeocerdo cuvier) e tubar\u00e3o-cabe\u00e7a-chata (Carcharhinus leucas). Al\u00e9m disso, o projeto atuar\u00e1 com a\u00e7\u00f5es de educa\u00e7\u00e3o ambiental e ci\u00eancia cidad\u00e3, como m\u00e9todos para subsidiar a conserva\u00e7\u00e3o marinha e a preven\u00e7\u00e3o de incidentes.<\/p>\n\n\n\n<p class=\"wp-block-paragraph\">O projeto \u00e9 coordenado pelo Departamento de Pesca e Aquicultura (DEPAq) da UFRPE e atende a uma demanda da Secretaria de Meio Ambiente do Estado, al\u00e9m de ser fomentado pela Secretaria de Ci\u00eancia, Tecnologia e Inova\u00e7\u00e3o de Pernambuco (Secti) e pela Funda\u00e7\u00e3o de Amparo \u00e0 Ci\u00eancia e Tecnologia do Estado de Pernambuco (Facepe). \u201cA retomada desse monitoramento tem a finalidade de entender mais acerca da ecologia e biologia desses animais e, a partir desses resultados, n\u00f3s termos subs\u00eddios para minimizar essa quest\u00e3o envolvendo incidentes entre tubar\u00f5es e seres humanos\u201d, explicou o professor e pesquisador do projeto Ecotuba, Paulo Oliveira.<\/p>\n\n\n\n<p class=\"wp-block-paragraph\"><em>FERNANDO DE NORONHA<\/em> \u2013 Atualmente, o monitoramento cont\u00ednuo dos tubar\u00f5es ocorre apenas no Arquip\u00e9lago de Fernando de Noronha, coordenado pela UFRPE, com o apoio do Governo de Pernambuco, por meio da Administra\u00e7\u00e3o da Ilha, do Instituto Chico Mendes de Conserva\u00e7\u00e3o da Biodiversidade (ICMBio) e da Econoronha. Com essa iniciativa, a atua\u00e7\u00e3o ser\u00e1 ampliada para o litoral continental, buscando uma melhor compreens\u00e3o sobre a conectividade entre esses ambientes marinhos, subsidiando a\u00e7\u00f5es de educa\u00e7\u00e3o, conserva\u00e7\u00e3o e gest\u00e3o costeira.<\/p>\n\n\n\n<p class=\"wp-block-paragraph\">Fotos: Ed Machado. <br>Siga o nosso Instagram @portaledivaldomagalhaes<\/p>\n","protected":false},"excerpt":{"rendered":"<p>Dados sobre ocorr\u00eancia e uso de habitats dos animais v\u00e3o subsidiar estrat\u00e9gias de manejo, conserva\u00e7\u00e3o e formula\u00e7\u00e3o de pol\u00edticas p\u00fablicas&hellip;<\/p>\n","protected":false},"author":1,"featured_media":132898,"comment_status":"closed","ping_status":"open","sticky":false,"template":"","format":"standard","meta":{"footnotes":""},"categories":[14122],"tags":[37327,36938,13146,36989],"class_list":["post-132897","post","type-post","status-publish","format-standard","has-post-thumbnail","hentry","category-politica","tag-apos-11-anos-governo-de-pernambuco-retoma-monitoramento-de-tubaroes-no-litoral-da-regiao-metropolitana-do-recife","tag-blog-de-politica","tag-blog-edvaldo-magalhaes","tag-portal-edivaldo-magalhaes"],"_links":{"self":[{"href":"https:\/\/blogdoedvaldomagalhaes.com.br\/index.php\/wp-json\/wp\/v2\/posts\/132897","targetHints":{"allow":["GET"]}}],"collection":[{"href":"https:\/\/blogdoedvaldomagalhaes.com.br\/index.php\/wp-json\/wp\/v2\/posts"}],"about":[{"href":"https:\/\/blogdoedvaldomagalhaes.com.br\/index.php\/wp-json\/wp\/v2\/types\/post"}],"author":[{"embeddable":true,"href":"https:\/\/blogdoedvaldomagalhaes.com.br\/index.php\/wp-json\/wp\/v2\/users\/1"}],"replies":[{"embeddable":true,"href":"https:\/\/blogdoedvaldomagalhaes.com.br\/index.php\/wp-json\/wp\/v2\/comments?post=132897"}],"version-history":[{"count":1,"href":"https:\/\/blogdoedvaldomagalhaes.com.br\/index.php\/wp-json\/wp\/v2\/posts\/132897\/revisions"}],"predecessor-version":[{"id":132899,"href":"https:\/\/blogdoedvaldomagalhaes.com.br\/index.php\/wp-json\/wp\/v2\/posts\/132897\/revisions\/132899"}],"wp:featuredmedia":[{"embeddable":true,"href":"https:\/\/blogdoedvaldomagalhaes.com.br\/index.php\/wp-json\/wp\/v2\/media\/132898"}],"wp:attachment":[{"href":"https:\/\/blogdoedvaldomagalhaes.com.br\/index.php\/wp-json\/wp\/v2\/media?parent=132897"}],"wp:term":[{"taxonomy":"category","embeddable":true,"href":"https:\/\/blogdoedvaldomagalhaes.com.br\/index.php\/wp-json\/wp\/v2\/categories?post=132897"},{"taxonomy":"post_tag","embeddable":true,"href":"https:\/\/blogdoedvaldomagalhaes.com.br\/index.php\/wp-json\/wp\/v2\/tags?post=132897"}],"curies":[{"name":"wp","href":"https:\/\/api.w.org\/{rel}","templated":true}]}}