{"id":132890,"date":"2026-09-05T19:12:38","date_gmt":"2026-09-05T22:12:38","guid":{"rendered":"https:\/\/blogdoedvaldomagalhaes.com.br\/?p=132890"},"modified":"2026-09-05T19:19:38","modified_gmt":"2026-09-05T22:19:38","slug":"passageira-morre-apos-moto-tombar-na-pista-e-ser-atingida-por-outra-motocicleta","status":"publish","type":"post","link":"https:\/\/blogdoedvaldomagalhaes.com.br\/index.php\/2026\/09\/05\/passageira-morre-apos-moto-tombar-na-pista-e-ser-atingida-por-outra-motocicleta\/","title":{"rendered":"Passageira morre ap\u00f3s moto tombar na pista e ser atingida por outra motocicleta"},"content":{"rendered":"\n<p class=\"wp-block-paragraph\">O sinistro de tr\u00e2nsito ocorreu por volta das 7h20 no Km 9,7 da BR 232, no Curado, em Jaboat\u00e3o dos Guararapes, sentido Recife.<\/p>\n\n\n\n<p class=\"wp-block-paragraph\">A suspeita \u00e9 de que a vareta do tambor de uma motos partiu e o ve\u00edculo tombou na pista. Na sequ\u00eancia, outra motocicleta atingiu a primeira moto e tamb\u00e9m tombou.<\/p>\n\n\n\n<p class=\"wp-block-paragraph\">A passageira da primeira moto faleceu no local. Era um ve\u00edculo utilizado para o transporte por aplicativo<\/p>\n\n\n\n<figure class=\"wp-block-image size-large\"><img loading=\"lazy\" decoding=\"async\" width=\"1024\" height=\"576\" src=\"https:\/\/blogdoedvaldomagalhaes.com.br\/wp-content\/uploads\/2026\/09\/4da7fa47-4d91-4fba-8bb3-d47a70ec43aa-1024x576.jpg\" class=\"wp-image-132895\" srcset=\"https:\/\/blogdoedvaldomagalhaes.com.br\/wp-content\/uploads\/2026\/09\/4da7fa47-4d91-4fba-8bb3-d47a70ec43aa-1024x576.jpg 1024w, https:\/\/blogdoedvaldomagalhaes.com.br\/wp-content\/uploads\/2026\/09\/4da7fa47-4d91-4fba-8bb3-d47a70ec43aa-300x169.jpg 300w, https:\/\/blogdoedvaldomagalhaes.com.br\/wp-content\/uploads\/2026\/09\/4da7fa47-4d91-4fba-8bb3-d47a70ec43aa-768x432.jpg 768w, https:\/\/blogdoedvaldomagalhaes.com.br\/wp-content\/uploads\/2026\/09\/4da7fa47-4d91-4fba-8bb3-d47a70ec43aa-1536x864.jpg 1536w, https:\/\/blogdoedvaldomagalhaes.com.br\/wp-content\/uploads\/2026\/09\/4da7fa47-4d91-4fba-8bb3-d47a70ec43aa-1140x641.jpg 1140w, https:\/\/blogdoedvaldomagalhaes.com.br\/wp-content\/uploads\/2026\/09\/4da7fa47-4d91-4fba-8bb3-d47a70ec43aa-720x405.jpg 720w, https:\/\/blogdoedvaldomagalhaes.com.br\/wp-content\/uploads\/2026\/09\/4da7fa47-4d91-4fba-8bb3-d47a70ec43aa.jpg 1600w\" sizes=\"auto, (max-width: 1024px) 100vw, 1024px\" \/><\/figure>\n\n\n\n<p class=\"wp-block-paragraph\">Os dois condutores n\u00e3o ficaram feridos. Eles realizaram o teste do baf\u00f4metro e o resultado foi normal.<\/p>\n\n\n\n<p class=\"wp-block-paragraph\">A faixa do meio est\u00e1 interditada. As outras duas faixas est\u00e3o liberadas, mas o tr\u00e2nsito est\u00e1 congestionado no local.<\/p>\n\n\n\n<p class=\"wp-block-paragraph\">A PRF est\u00e1 aguardando o IC e o IML. <br>Siga o nosso Instagram @portaledivaldomagalhaes<br>Fotos: divulga\u00e7\u00e3o\/PRF<\/p>\n","protected":false},"excerpt":{"rendered":"<p>O sinistro de tr\u00e2nsito ocorreu por volta das 7h20 no Km 9,7 da BR 232, no Curado, em Jaboat\u00e3o dos&hellip;<\/p>\n","protected":false},"author":1,"featured_media":132891,"comment_status":"closed","ping_status":"open","sticky":false,"template":"","format":"standard","meta":{"footnotes":""},"categories":[14120],"tags":[14276,13146,36989,30295,21225],"class_list":["post-132890","post","type-post","status-publish","format-standard","has-post-thumbnail","hentry","category-noticias","tag-acidente","tag-blog-edvaldo-magalhaes","tag-portal-edivaldo-magalhaes","tag-sinistro","tag-transito"],"_links":{"self":[{"href":"https:\/\/blogdoedvaldomagalhaes.com.br\/index.php\/wp-json\/wp\/v2\/posts\/132890","targetHints":{"allow":["GET"]}}],"collection":[{"href":"https:\/\/blogdoedvaldomagalhaes.com.br\/index.php\/wp-json\/wp\/v2\/posts"}],"about":[{"href":"https:\/\/blogdoedvaldomagalhaes.com.br\/index.php\/wp-json\/wp\/v2\/types\/post"}],"author":[{"embeddable":true,"href":"https:\/\/blogdoedvaldomagalhaes.com.br\/index.php\/wp-json\/wp\/v2\/users\/1"}],"replies":[{"embeddable":true,"href":"https:\/\/blogdoedvaldomagalhaes.com.br\/index.php\/wp-json\/wp\/v2\/comments?post=132890"}],"version-history":[{"count":2,"href":"https:\/\/blogdoedvaldomagalhaes.com.br\/index.php\/wp-json\/wp\/v2\/posts\/132890\/revisions"}],"predecessor-version":[{"id":132896,"href":"https:\/\/blogdoedvaldomagalhaes.com.br\/index.php\/wp-json\/wp\/v2\/posts\/132890\/revisions\/132896"}],"wp:featuredmedia":[{"embeddable":true,"href":"https:\/\/blogdoedvaldomagalhaes.com.br\/index.php\/wp-json\/wp\/v2\/media\/132891"}],"wp:attachment":[{"href":"https:\/\/blogdoedvaldomagalhaes.com.br\/index.php\/wp-json\/wp\/v2\/media?parent=132890"}],"wp:term":[{"taxonomy":"category","embeddable":true,"href":"https:\/\/blogdoedvaldomagalhaes.com.br\/index.php\/wp-json\/wp\/v2\/categories?post=132890"},{"taxonomy":"post_tag","embeddable":true,"href":"https:\/\/blogdoedvaldomagalhaes.com.br\/index.php\/wp-json\/wp\/v2\/tags?post=132890"}],"curies":[{"name":"wp","href":"https:\/\/api.w.org\/{rel}","templated":true}]}}