{"id":132887,"date":"2026-09-05T18:40:06","date_gmt":"2026-09-05T21:40:06","guid":{"rendered":"https:\/\/blogdoedvaldomagalhaes.com.br\/?p=132887"},"modified":"2026-09-05T18:40:06","modified_gmt":"2026-09-05T21:40:06","slug":"capotamento-na-br-232-deixa-duas-pessoas-feridas","status":"publish","type":"post","link":"https:\/\/blogdoedvaldomagalhaes.com.br\/index.php\/2026\/09\/05\/capotamento-na-br-232-deixa-duas-pessoas-feridas\/","title":{"rendered":"Capotamento na BR-232 deixa duas pessoas feridas"},"content":{"rendered":"\n<p class=\"wp-block-paragraph\">Um sinistro de tr\u00e2nsito foi registrado por volta das <strong>14h30 deste s\u00e1bado (5)<\/strong>, no km 67 da <strong>BR-232<\/strong>, em Gravat\u00e1, no Agreste de Pernambuco, no sentido interior.<\/p>\n\n\n\n<p class=\"wp-block-paragraph\">De acordo com as informa\u00e7\u00f5es, o motorista de uma caminhonete perdeu o controle do ve\u00edculo, saiu da pista, atingiu rochas \u00e0s margens da rodovia e, em seguida, <strong>capotou<\/strong>.<\/p>\n\n\n\n<p class=\"wp-block-paragraph\">O motorista e uma passageira ficaram feridos e foram socorridos para a <strong>UPA de Gravat\u00e1<\/strong>, onde receberam atendimento m\u00e9dico.<\/p>\n\n\n\n<p class=\"wp-block-paragraph\">\ud83d\udea7 As circunst\u00e2ncias do acidente dever\u00e3o ser apuradas.<\/p>\n\n\n\n<p class=\"wp-block-paragraph\">\ud83d\udcf2 <strong>Acompanhe o Portal Edvaldo Magalh\u00e3es para mais informa\u00e7\u00f5es.<\/strong><\/p>\n\n\n\n<p class=\"wp-block-paragraph\">#PortalEdvaldoMagalh\u00e3es #Acidente #BR232 #Gravat\u00e1 #Pernambuco #Agreste #Tr\u00e2nsito #Not\u00edcia<\/p>\n","protected":false},"excerpt":{"rendered":"<p>Um sinistro de tr\u00e2nsito foi registrado por volta das 14h30 deste s\u00e1bado (5), no km 67 da BR-232, em Gravat\u00e1,&hellip;<\/p>\n","protected":false},"author":1,"featured_media":132888,"comment_status":"closed","ping_status":"open","sticky":false,"template":"","format":"standard","meta":{"footnotes":""},"categories":[14120],"tags":[14276,13146,37326,36989,10343,30295,21225],"class_list":["post-132887","post","type-post","status-publish","format-standard","has-post-thumbnail","hentry","category-noticias","tag-acidente","tag-blog-edvaldo-magalhaes","tag-capotamento-na-br-232-deixa-duas-pessoas-feridas","tag-portal-edivaldo-magalhaes","tag-serra-das-russas","tag-sinistro","tag-transito"],"_links":{"self":[{"href":"https:\/\/blogdoedvaldomagalhaes.com.br\/index.php\/wp-json\/wp\/v2\/posts\/132887","targetHints":{"allow":["GET"]}}],"collection":[{"href":"https:\/\/blogdoedvaldomagalhaes.com.br\/index.php\/wp-json\/wp\/v2\/posts"}],"about":[{"href":"https:\/\/blogdoedvaldomagalhaes.com.br\/index.php\/wp-json\/wp\/v2\/types\/post"}],"author":[{"embeddable":true,"href":"https:\/\/blogdoedvaldomagalhaes.com.br\/index.php\/wp-json\/wp\/v2\/users\/1"}],"replies":[{"embeddable":true,"href":"https:\/\/blogdoedvaldomagalhaes.com.br\/index.php\/wp-json\/wp\/v2\/comments?post=132887"}],"version-history":[{"count":1,"href":"https:\/\/blogdoedvaldomagalhaes.com.br\/index.php\/wp-json\/wp\/v2\/posts\/132887\/revisions"}],"predecessor-version":[{"id":132889,"href":"https:\/\/blogdoedvaldomagalhaes.com.br\/index.php\/wp-json\/wp\/v2\/posts\/132887\/revisions\/132889"}],"wp:featuredmedia":[{"embeddable":true,"href":"https:\/\/blogdoedvaldomagalhaes.com.br\/index.php\/wp-json\/wp\/v2\/media\/132888"}],"wp:attachment":[{"href":"https:\/\/blogdoedvaldomagalhaes.com.br\/index.php\/wp-json\/wp\/v2\/media?parent=132887"}],"wp:term":[{"taxonomy":"category","embeddable":true,"href":"https:\/\/blogdoedvaldomagalhaes.com.br\/index.php\/wp-json\/wp\/v2\/categories?post=132887"},{"taxonomy":"post_tag","embeddable":true,"href":"https:\/\/blogdoedvaldomagalhaes.com.br\/index.php\/wp-json\/wp\/v2\/tags?post=132887"}],"curies":[{"name":"wp","href":"https:\/\/api.w.org\/{rel}","templated":true}]}}