{"id":132882,"date":"2026-09-05T14:08:37","date_gmt":"2026-09-05T17:08:37","guid":{"rendered":"https:\/\/blogdoedvaldomagalhaes.com.br\/?p=132882"},"modified":"2026-09-05T14:11:02","modified_gmt":"2026-09-05T17:11:02","slug":"operacao-do-ibama-em-caruaru-apreende-400-aves-e-detem-mais-de-20-pessoas","status":"publish","type":"post","link":"https:\/\/blogdoedvaldomagalhaes.com.br\/index.php\/2026\/09\/05\/operacao-do-ibama-em-caruaru-apreende-400-aves-e-detem-mais-de-20-pessoas\/","title":{"rendered":"Opera\u00e7\u00e3o do Ibama em Caruaru apreende 400 aves e det\u00e9m mais de 20 pessoas"},"content":{"rendered":"\n<p class=\"wp-block-paragraph\">Uma opera\u00e7\u00e3o de fiscaliza\u00e7\u00e3o contra o com\u00e9rcio ilegal de animais silvestres movimentou a Feira de Caruaru, no Agreste de Pernambuco, neste s\u00e1bado (5).<\/p>\n\n\n\n<p class=\"wp-block-paragraph\">A a\u00e7\u00e3o, coordenada pelo Instituto Brasileiro do Meio Ambiente e dos Recursos Naturais Renov\u00e1veis (IBAMA), contou com a participa\u00e7\u00e3o de for\u00e7as de seguran\u00e7a e teve como objetivo combater a captura, manuten\u00e7\u00e3o e comercializa\u00e7\u00e3o irregular de animais silvestres.<\/p>\n\n\n\n<p class=\"wp-block-paragraph\">Segundo informa\u00e7\u00f5es divulgadas sobre a opera\u00e7\u00e3o, cerca de 400 animais teriam sido resgatados e 27 pessoas foram detidas durante a fiscaliza\u00e7\u00e3o. A a\u00e7\u00e3o teria mobilizado aproximadamente 87 policiais, al\u00e9m das equipes respons\u00e1veis pela fiscaliza\u00e7\u00e3o ambiental.<\/p>\n\n\n\n<p class=\"wp-block-paragraph\">Os animais encontrados durante a opera\u00e7\u00e3o foram recolhidos pelas equipes para receber os encaminhamentos previstos pelas autoridades ambientais. A destina\u00e7\u00e3o dos bichos depende da avalia\u00e7\u00e3o das condi\u00e7\u00f5es de sa\u00fade e das caracter\u00edsticas de cada esp\u00e9cie, podendo incluir atendimento especializado e posterior reintegra\u00e7\u00e3o \u00e0 natureza quando houver condi\u00e7\u00f5es.<\/p>\n\n\n\n<p class=\"wp-block-paragraph\">A fiscaliza\u00e7\u00e3o tamb\u00e9m refor\u00e7a o combate ao tr\u00e1fico de animais silvestres, uma pr\u00e1tica que representa amea\u00e7a \u00e0 fauna brasileira e pode resultar em san\u00e7\u00f5es administrativas e responsabiliza\u00e7\u00e3o criminal.<\/p>\n\n\n\n<p class=\"wp-block-paragraph\">Recentemente, a regi\u00e3o j\u00e1 foi alvo de a\u00e7\u00f5es envolvendo o transporte de animais destinados \u00e0 comercializa\u00e7\u00e3o em Caruaru. Em agosto, a Pol\u00edcia Rodovi\u00e1ria Federal resgatou 584 animais silvestres em Iati, que, segundo a PRF, seriam vendidos em Caruaru. Entre os animais estavam 555 p\u00e1ssaros e 29 jabutis. (<a href=\"https:\/\/www.gov.br\/prf\/pt-br\/noticias\/nacionais\/2026\/agosto\/prf-resgata-584-animais-silvestres-em-iati-pe?utm_source=chatgpt.com\">Servi\u00e7os e Informa\u00e7\u00f5es do Brasil<\/a>)<\/p>\n\n\n\n<p class=\"wp-block-paragraph\">A opera\u00e7\u00e3o deste s\u00e1bado ainda dever\u00e1 ter os n\u00fameros e detalhes oficialmente divulgados pelas autoridades respons\u00e1veis. <br>Siga o Instagram @portaledivaldomagalhaes<br>Foto: Reprodu\u00e7\u00e3o\/Video\/ WhatsApp <\/p>\n","protected":false},"excerpt":{"rendered":"<p>Uma opera\u00e7\u00e3o de fiscaliza\u00e7\u00e3o contra o com\u00e9rcio ilegal de animais silvestres movimentou a Feira de Caruaru, no Agreste de Pernambuco,&hellip;<\/p>\n","protected":false},"author":1,"featured_media":132884,"comment_status":"closed","ping_status":"open","sticky":false,"template":"","format":"standard","meta":{"footnotes":""},"categories":[14120],"tags":[27410,13146,37325,36989],"class_list":["post-132882","post","type-post","status-publish","format-standard","has-post-thumbnail","hentry","category-noticias","tag-blog-de-caruaru","tag-blog-edvaldo-magalhaes","tag-operacao-do-ibama-em-caruaru","tag-portal-edivaldo-magalhaes"],"_links":{"self":[{"href":"https:\/\/blogdoedvaldomagalhaes.com.br\/index.php\/wp-json\/wp\/v2\/posts\/132882","targetHints":{"allow":["GET"]}}],"collection":[{"href":"https:\/\/blogdoedvaldomagalhaes.com.br\/index.php\/wp-json\/wp\/v2\/posts"}],"about":[{"href":"https:\/\/blogdoedvaldomagalhaes.com.br\/index.php\/wp-json\/wp\/v2\/types\/post"}],"author":[{"embeddable":true,"href":"https:\/\/blogdoedvaldomagalhaes.com.br\/index.php\/wp-json\/wp\/v2\/users\/1"}],"replies":[{"embeddable":true,"href":"https:\/\/blogdoedvaldomagalhaes.com.br\/index.php\/wp-json\/wp\/v2\/comments?post=132882"}],"version-history":[{"count":2,"href":"https:\/\/blogdoedvaldomagalhaes.com.br\/index.php\/wp-json\/wp\/v2\/posts\/132882\/revisions"}],"predecessor-version":[{"id":132885,"href":"https:\/\/blogdoedvaldomagalhaes.com.br\/index.php\/wp-json\/wp\/v2\/posts\/132882\/revisions\/132885"}],"wp:featuredmedia":[{"embeddable":true,"href":"https:\/\/blogdoedvaldomagalhaes.com.br\/index.php\/wp-json\/wp\/v2\/media\/132884"}],"wp:attachment":[{"href":"https:\/\/blogdoedvaldomagalhaes.com.br\/index.php\/wp-json\/wp\/v2\/media?parent=132882"}],"wp:term":[{"taxonomy":"category","embeddable":true,"href":"https:\/\/blogdoedvaldomagalhaes.com.br\/index.php\/wp-json\/wp\/v2\/categories?post=132882"},{"taxonomy":"post_tag","embeddable":true,"href":"https:\/\/blogdoedvaldomagalhaes.com.br\/index.php\/wp-json\/wp\/v2\/tags?post=132882"}],"curies":[{"name":"wp","href":"https:\/\/api.w.org\/{rel}","templated":true}]}}