{"id":132879,"date":"2026-09-05T13:29:42","date_gmt":"2026-09-05T16:29:42","guid":{"rendered":"https:\/\/blogdoedvaldomagalhaes.com.br\/?p=132879"},"modified":"2026-09-05T13:29:42","modified_gmt":"2026-09-05T16:29:42","slug":"chapa-uniao-dos-confeccionistas-e-oficializada-para-disputar-eleicao-no-moda-center-em-santa-cruz-do-capibaribe","status":"publish","type":"post","link":"https:\/\/blogdoedvaldomagalhaes.com.br\/index.php\/2026\/09\/05\/chapa-uniao-dos-confeccionistas-e-oficializada-para-disputar-eleicao-no-moda-center-em-santa-cruz-do-capibaribe\/","title":{"rendered":"Chapa Uni\u00e3o dos Confeccionistas \u00e9 oficializada para disputar elei\u00e7\u00e3o no Moda Center, em Santa Cruz do Capibaribe"},"content":{"rendered":"\n<p class=\"wp-block-paragraph\">Na tarde dessa sexta-feira (4), a Uni\u00e3o dos Confeccionistas apresentou \u00e0 Comiss\u00e3o Eleitoral os nomes que disputar\u00e3o a elei\u00e7\u00e3o para a nova diretoria do Moda Center Santa Cruz, Bi\u00eanio 2026-2028.<\/p>\n\n\n\n<p class=\"wp-block-paragraph\">A Chapa 1 ter\u00e1 Mariano Neto como candidato a s\u00edndico, Ant\u00f4nio Carlos como 1\u00ba subs\u00edndico e Luan Santos como 2\u00ba subs\u00edndico. Com ampla experi\u00eancia no setor confeccionista, os nomes j\u00e1 integraram diretorias anteriores.<\/p>\n\n\n\n<p class=\"wp-block-paragraph\">Formado em Contabilidade e cond\u00f4mino do Moda Center desde os primeiros anos do parque, Mariano re\u00fane conhecimento sobre a rotina administrativa e proximidade com os comerciantes. O perfil de di\u00e1logo, responsabilidade e planejamento \u00e9 apontado como uma das marcas de sua trajet\u00f3ria.<\/p>\n\n\n\n<p class=\"wp-block-paragraph\"><em>\u201cHoje registramos a Chapa 1, Uni\u00e3o dos Confeccionistas, para continuar cuidando do nosso Moda Center. Trouxemos credibilidade, organiza\u00e7\u00e3o e seguran\u00e7a para o nosso gigante. Foram anos de luta para deixar para tr\u00e1s a desorganiza\u00e7\u00e3o do passado. N\u00e3o queremos retrocesso. Agora \u00e9 hora de continuar avan\u00e7ando, atrair mais clientes, melhorar a estrutura e criar mais oportunidades para cada confeccionista\u201d<\/em> , afirmou Mariano Neto.<\/p>\n\n\n\n<p class=\"wp-block-paragraph\">O pleito est\u00e1 marcado para o dia 28 de setembro de 2026. A chapa completa \u00e9 formada por:<\/p>\n\n\n\n<p class=\"wp-block-paragraph\">Mariano Neto (S\u00edndico)<\/p>\n\n\n\n<p class=\"wp-block-paragraph\">Ant\u00f4nio Carlos Batista da Silva (1\u00ba Subs\u00edndico)<\/p>\n\n\n\n<p class=\"wp-block-paragraph\">Luan Leit\u00e3o dos Santos (2\u00b0 Subs\u00edndico)<\/p>\n\n\n\n<p class=\"wp-block-paragraph\">Aroldo Ferreira da Silva (1\u00b0 Tesoureiro)<\/p>\n\n\n\n<p class=\"wp-block-paragraph\">Josenaldo do Nascimento Lima (2\u00ba Tesoureiro)<\/p>\n\n\n\n<p class=\"wp-block-paragraph\">Luciano Ara\u00fajo de Sousa (1\u00b0 Secret\u00e1rio)<\/p>\n\n\n\n<p class=\"wp-block-paragraph\">\u00c1urea\u202fMaria\u202fXavier\u202fda\u202fRocha F\u00e9lix (2\u00aa Secret\u00e1ria)<\/p>\n\n\n\n<p class=\"wp-block-paragraph\"><em>CONSELHO FISCAL<\/em><\/p>\n\n\n\n<p class=\"wp-block-paragraph\">Ismard Elton Barboza Ferreira<br>Jos\u00e9 Adailton Raimundo<br>Maria Izabel Ferreira de Souza<\/p>\n\n\n\n<p class=\"wp-block-paragraph\"><em>SUPLENTES DO CONSELHO FISCAL<\/em><\/p>\n\n\n\n<p class=\"wp-block-paragraph\">Nielson Queiroz Farias<br>Amanda Michelly Gomes Santiago Viana<br>Paulo Est\u00eav\u00e3o da Silva<\/p>\n\n\n\n<p class=\"wp-block-paragraph\"><em>CONSELHO CONSULTIVO<\/em><\/p>\n\n\n\n<p class=\"wp-block-paragraph\">Manoel Nunes Paulino<br>Jos\u00e9 Gomes Filho<br>Jos\u00e9 Rob\u00e9lio da Silva<br>Adriano Jos\u00e9 da Silva<br>Jos\u00e9 de Anchieta Cumaru<br>Tales Nery Maia<\/p>\n\n\n\n<p class=\"wp-block-paragraph\"><em>SUPLENTES DO CONSELHO CONSULTIVO<\/em><\/p>\n\n\n\n<p class=\"wp-block-paragraph\">Manoel Caciano Barros Filho<br>Niceas Nadir Ferreira da Silva<br>Jos\u00e9 Amaro de Oliveira Barbosa<br>M\u00e1rcio Lindembergue Souza Veras<br>Josivan Oliveira Ramos<br>Nicolas Iago Nascimento de Lima. <br><br>Siga o nosso Instagram @portaledivaldomagalhaes<br>Foto: Divulga\u00e7\u00e3o <\/p>\n","protected":false},"excerpt":{"rendered":"<p>Na tarde dessa sexta-feira (4), a Uni\u00e3o dos Confeccionistas apresentou \u00e0 Comiss\u00e3o Eleitoral os nomes que disputar\u00e3o a elei\u00e7\u00e3o para&hellip;<\/p>\n","protected":false},"author":1,"featured_media":132880,"comment_status":"closed","ping_status":"open","sticky":false,"template":"","format":"standard","meta":{"footnotes":""},"categories":[14120],"tags":[27410,13146,4260,36989,1315],"class_list":["post-132879","post","type-post","status-publish","format-standard","has-post-thumbnail","hentry","category-noticias","tag-blog-de-caruaru","tag-blog-edvaldo-magalhaes","tag-moda-center","tag-portal-edivaldo-magalhaes","tag-santa-cruz-do-capibaribe"],"_links":{"self":[{"href":"https:\/\/blogdoedvaldomagalhaes.com.br\/index.php\/wp-json\/wp\/v2\/posts\/132879","targetHints":{"allow":["GET"]}}],"collection":[{"href":"https:\/\/blogdoedvaldomagalhaes.com.br\/index.php\/wp-json\/wp\/v2\/posts"}],"about":[{"href":"https:\/\/blogdoedvaldomagalhaes.com.br\/index.php\/wp-json\/wp\/v2\/types\/post"}],"author":[{"embeddable":true,"href":"https:\/\/blogdoedvaldomagalhaes.com.br\/index.php\/wp-json\/wp\/v2\/users\/1"}],"replies":[{"embeddable":true,"href":"https:\/\/blogdoedvaldomagalhaes.com.br\/index.php\/wp-json\/wp\/v2\/comments?post=132879"}],"version-history":[{"count":1,"href":"https:\/\/blogdoedvaldomagalhaes.com.br\/index.php\/wp-json\/wp\/v2\/posts\/132879\/revisions"}],"predecessor-version":[{"id":132881,"href":"https:\/\/blogdoedvaldomagalhaes.com.br\/index.php\/wp-json\/wp\/v2\/posts\/132879\/revisions\/132881"}],"wp:featuredmedia":[{"embeddable":true,"href":"https:\/\/blogdoedvaldomagalhaes.com.br\/index.php\/wp-json\/wp\/v2\/media\/132880"}],"wp:attachment":[{"href":"https:\/\/blogdoedvaldomagalhaes.com.br\/index.php\/wp-json\/wp\/v2\/media?parent=132879"}],"wp:term":[{"taxonomy":"category","embeddable":true,"href":"https:\/\/blogdoedvaldomagalhaes.com.br\/index.php\/wp-json\/wp\/v2\/categories?post=132879"},{"taxonomy":"post_tag","embeddable":true,"href":"https:\/\/blogdoedvaldomagalhaes.com.br\/index.php\/wp-json\/wp\/v2\/tags?post=132879"}],"curies":[{"name":"wp","href":"https:\/\/api.w.org\/{rel}","templated":true}]}}