{"id":132876,"date":"2026-09-05T13:24:03","date_gmt":"2026-09-05T16:24:03","guid":{"rendered":"https:\/\/blogdoedvaldomagalhaes.com.br\/?p=132876"},"modified":"2026-09-05T13:24:03","modified_gmt":"2026-09-05T16:24:03","slug":"anderson-luiz-destaca-forca-do-time-de-raquel-na-caminhada","status":"publish","type":"post","link":"https:\/\/blogdoedvaldomagalhaes.com.br\/index.php\/2026\/09\/05\/anderson-luiz-destaca-forca-do-time-de-raquel-na-caminhada\/","title":{"rendered":"Anderson Luiz destaca for\u00e7a do time de Raquel na Caminhada"},"content":{"rendered":"\n<p class=\"wp-block-paragraph\">A for\u00e7a pol\u00edtica e popular do grupo liderado pela governadora Raquel Lyra (PSD) ficou mais uma vez evidenciada nas ruas de Caruaru durante a Caminhada 55, realizada na \u00faltima sexta-feira (4). O ato reuniu uma multid\u00e3o e contou com a presen\u00e7a do prefeito Rodrigo Pinheiro (PSD), do deputado federal Fernando Monteiro (PSD), do futuro senador T\u00falio Gad\u00ealha (PSD) e de diversas lideran\u00e7as. O candidato a deputado estadual, Anderson Luiz, destacou o carinho recebido e o crescimento do movimento na cidade.<\/p>\n\n\n\n<p class=\"wp-block-paragraph\">Para Anderson, a mobiliza\u00e7\u00e3o demonstrou que o povo de Caruaru reconhece o trabalho realizado pelo grupo. \u201cA Caminhada 55 mostrou a for\u00e7a do povo de Caruaru e de um time que trabalha unido. Senti de perto o carinho e o apoio de uma multid\u00e3o que acredita nesse projeto. \u00c9 o povo dizendo nas ruas que est\u00e1 ao lado de quem faz, trabalha e cuida das pessoas\u201d, afirmou.<\/p>\n\n\n\n<p class=\"wp-block-paragraph\">A agenda tamb\u00e9m foi marcada pelo acompanhamento de obras importantes para o munic\u00edpio. Ao lado de Raquel Lyra e Rodrigo Pinheiro, Anderson visitou as obras do novo Batalh\u00e3o Integrado Especializado de Policiamento (BIESP) e da PE-95, investimentos que fortalecem a seguran\u00e7a e ampliam a mobilidade na regi\u00e3o. \u201cAs obras em Caruaru n\u00e3o param. \u00c9 com trabalho, parceria e uni\u00e3o que seguimos fazendo nossa cidade avan\u00e7ar\u201d, destacou.  <br>Siga o nosso Instagram @portaledivaldomagalhaes<br>Foto: Divulga\u00e7\u00e3o <\/p>\n","protected":false},"excerpt":{"rendered":"<p>A for\u00e7a pol\u00edtica e popular do grupo liderado pela governadora Raquel Lyra (PSD) ficou mais uma vez evidenciada nas ruas&hellip;<\/p>\n","protected":false},"author":1,"featured_media":132877,"comment_status":"closed","ping_status":"open","sticky":false,"template":"","format":"standard","meta":{"footnotes":""},"categories":[14122],"tags":[36938,13146,36989],"class_list":["post-132876","post","type-post","status-publish","format-standard","has-post-thumbnail","hentry","category-politica","tag-blog-de-politica","tag-blog-edvaldo-magalhaes","tag-portal-edivaldo-magalhaes"],"_links":{"self":[{"href":"https:\/\/blogdoedvaldomagalhaes.com.br\/index.php\/wp-json\/wp\/v2\/posts\/132876","targetHints":{"allow":["GET"]}}],"collection":[{"href":"https:\/\/blogdoedvaldomagalhaes.com.br\/index.php\/wp-json\/wp\/v2\/posts"}],"about":[{"href":"https:\/\/blogdoedvaldomagalhaes.com.br\/index.php\/wp-json\/wp\/v2\/types\/post"}],"author":[{"embeddable":true,"href":"https:\/\/blogdoedvaldomagalhaes.com.br\/index.php\/wp-json\/wp\/v2\/users\/1"}],"replies":[{"embeddable":true,"href":"https:\/\/blogdoedvaldomagalhaes.com.br\/index.php\/wp-json\/wp\/v2\/comments?post=132876"}],"version-history":[{"count":1,"href":"https:\/\/blogdoedvaldomagalhaes.com.br\/index.php\/wp-json\/wp\/v2\/posts\/132876\/revisions"}],"predecessor-version":[{"id":132878,"href":"https:\/\/blogdoedvaldomagalhaes.com.br\/index.php\/wp-json\/wp\/v2\/posts\/132876\/revisions\/132878"}],"wp:featuredmedia":[{"embeddable":true,"href":"https:\/\/blogdoedvaldomagalhaes.com.br\/index.php\/wp-json\/wp\/v2\/media\/132877"}],"wp:attachment":[{"href":"https:\/\/blogdoedvaldomagalhaes.com.br\/index.php\/wp-json\/wp\/v2\/media?parent=132876"}],"wp:term":[{"taxonomy":"category","embeddable":true,"href":"https:\/\/blogdoedvaldomagalhaes.com.br\/index.php\/wp-json\/wp\/v2\/categories?post=132876"},{"taxonomy":"post_tag","embeddable":true,"href":"https:\/\/blogdoedvaldomagalhaes.com.br\/index.php\/wp-json\/wp\/v2\/tags?post=132876"}],"curies":[{"name":"wp","href":"https:\/\/api.w.org\/{rel}","templated":true}]}}