{"id":132873,"date":"2026-09-05T13:08:25","date_gmt":"2026-09-05T16:08:25","guid":{"rendered":"https:\/\/blogdoedvaldomagalhaes.com.br\/?p=132873"},"modified":"2026-09-05T13:08:25","modified_gmt":"2026-09-05T16:08:25","slug":"ong-giral-abre-edital-para-instituicoes-interessadas-em-receber-apresentacoes-da-3-a-turne-da-orquestra-meninas-e-meninos-da-alegria","status":"publish","type":"post","link":"https:\/\/blogdoedvaldomagalhaes.com.br\/index.php\/2026\/09\/05\/ong-giral-abre-edital-para-instituicoes-interessadas-em-receber-apresentacoes-da-3-a-turne-da-orquestra-meninas-e-meninos-da-alegria\/","title":{"rendered":"ONG Giral abre edital para institui\u00e7\u00f5es interessadas em receber apresenta\u00e7\u00f5es da 3.\u00aa Turn\u00ea da Orquestra Meninas e Meninos da Alegria"},"content":{"rendered":"\n<p class=\"wp-block-paragraph\">A ONG Giral abriu edital para institui\u00e7\u00f5es interessadas em receber apresenta\u00e7\u00f5es da 3.\u00aa Turn\u00ea da Orquestra Meninas e Meninos da Alegria. A iniciativa leva o espet\u00e1culo Pernambuco Dan\u00e7a Assim a munic\u00edpios e diferentes espa\u00e7os de Pernambuco, ampliando o acesso \u00e0 m\u00fasica, \u00e0 cultura popular e \u00e0 forma\u00e7\u00e3o art\u00edstica desenvolvida pelo projeto.<\/p>\n\n\n\n<p class=\"wp-block-paragraph\">Prefeituras, universidades, escolas, ONGs, clubes, empresas, \u00f3rg\u00e3os p\u00fablicos, equipamentos culturais, projetos sociais, eventos comunit\u00e1rios e outras institui\u00e7\u00f5es p\u00fablicas e privadas podem solicitar a apresenta\u00e7\u00e3o. As propostas ser\u00e3o analisadas pela equipe da orquestra a partir da disponibilidade de agenda, caracter\u00edsticas do evento, localiza\u00e7\u00e3o, p\u00fablico previsto e condi\u00e7\u00f5es estruturais necess\u00e1rias.<\/p>\n\n\n\n<p class=\"wp-block-paragraph\">Realizado por alunos e educadores da Orquestra Meninas e Meninos da Alegria, o espet\u00e1culo Pernambuco Dan\u00e7a Assim une m\u00fasica, teatro e elementos c\u00eanicos para celebrar as tradi\u00e7\u00f5es do Estado. A narrativa acompanha um viajante que chega a Pernambuco e se depara com um duelo simb\u00f3lico entre duas grandes paix\u00f5es populares: o Carnaval, representado pela for\u00e7a do frevo, e o S\u00e3o Jo\u00e3o, marcado pelo ritmo e pela emo\u00e7\u00e3o do forr\u00f3.<\/p>\n\n\n\n<p class=\"wp-block-paragraph\">Da ciranda ao xaxado, do frevo ao forr\u00f3, a apresenta\u00e7\u00e3o conduz o p\u00fablico por uma viagem pela diversidade cultural pernambucana. Com dura\u00e7\u00e3o aproximada de 40 minutos, o espet\u00e1culo \u00e9 desenvolvido no projeto Meninas e Meninos da Alegria em Movimento, patrocinado pela BB Seguros.<\/p>\n\n\n\n<p class=\"wp-block-paragraph\">As apresenta\u00e7\u00f5es podem ocorrer em dois formatos. A forma\u00e7\u00e3o completa re\u00fane 47 integrantes, entre m\u00fasicos, atores, maestros e equipe de produ\u00e7\u00e3o. J\u00e1 a vers\u00e3o reduzida conta com 34 pessoas; foi pensada para espa\u00e7os com estrutura mais enxuta, preservando a proposta art\u00edstica e narrativa do espet\u00e1culo.<\/p>\n\n\n\n<p class=\"wp-block-paragraph\">Para receber a orquestra, a institui\u00e7\u00e3o solicitante dever\u00e1 assegurar condi\u00e7\u00f5es adequadas de transporte para os integrantes e instrumentos, palco ou espa\u00e7o apropriado, cadeiras para os m\u00fasicos, local seguro para guarda dos instrumentos, \u00e1gua, alimenta\u00e7\u00e3o conforme o hor\u00e1rio da atividade, respons\u00e1vel pelo sistema de som e tempo pr\u00e9vio para montagem e passagem de som. A organiza\u00e7\u00e3o tamb\u00e9m dever\u00e1 divulgar a apresenta\u00e7\u00e3o em seus canais de comunica\u00e7\u00e3o.<br>Siga o nosso Instagram @portaledivaldomagalhaes<br>Foto: Divulga\u00e7\u00e3o <\/p>\n","protected":false},"excerpt":{"rendered":"<p>A ONG Giral abriu edital para institui\u00e7\u00f5es interessadas em receber apresenta\u00e7\u00f5es da 3.\u00aa Turn\u00ea da Orquestra Meninas e Meninos da&hellip;<\/p>\n","protected":false},"author":1,"featured_media":132874,"comment_status":"closed","ping_status":"open","sticky":false,"template":"","format":"standard","meta":{"footnotes":""},"categories":[14120],"tags":[27410,13146,37323,36989,37324],"class_list":["post-132873","post","type-post","status-publish","format-standard","has-post-thumbnail","hentry","category-noticias","tag-blog-de-caruaru","tag-blog-edvaldo-magalhaes","tag-ong-giral","tag-portal-edivaldo-magalhaes","tag-turne-da-orquestra-meninas-e-meninos-da-alegria"],"_links":{"self":[{"href":"https:\/\/blogdoedvaldomagalhaes.com.br\/index.php\/wp-json\/wp\/v2\/posts\/132873","targetHints":{"allow":["GET"]}}],"collection":[{"href":"https:\/\/blogdoedvaldomagalhaes.com.br\/index.php\/wp-json\/wp\/v2\/posts"}],"about":[{"href":"https:\/\/blogdoedvaldomagalhaes.com.br\/index.php\/wp-json\/wp\/v2\/types\/post"}],"author":[{"embeddable":true,"href":"https:\/\/blogdoedvaldomagalhaes.com.br\/index.php\/wp-json\/wp\/v2\/users\/1"}],"replies":[{"embeddable":true,"href":"https:\/\/blogdoedvaldomagalhaes.com.br\/index.php\/wp-json\/wp\/v2\/comments?post=132873"}],"version-history":[{"count":1,"href":"https:\/\/blogdoedvaldomagalhaes.com.br\/index.php\/wp-json\/wp\/v2\/posts\/132873\/revisions"}],"predecessor-version":[{"id":132875,"href":"https:\/\/blogdoedvaldomagalhaes.com.br\/index.php\/wp-json\/wp\/v2\/posts\/132873\/revisions\/132875"}],"wp:featuredmedia":[{"embeddable":true,"href":"https:\/\/blogdoedvaldomagalhaes.com.br\/index.php\/wp-json\/wp\/v2\/media\/132874"}],"wp:attachment":[{"href":"https:\/\/blogdoedvaldomagalhaes.com.br\/index.php\/wp-json\/wp\/v2\/media?parent=132873"}],"wp:term":[{"taxonomy":"category","embeddable":true,"href":"https:\/\/blogdoedvaldomagalhaes.com.br\/index.php\/wp-json\/wp\/v2\/categories?post=132873"},{"taxonomy":"post_tag","embeddable":true,"href":"https:\/\/blogdoedvaldomagalhaes.com.br\/index.php\/wp-json\/wp\/v2\/tags?post=132873"}],"curies":[{"name":"wp","href":"https:\/\/api.w.org\/{rel}","templated":true}]}}