{"id":132869,"date":"2026-09-04T23:31:45","date_gmt":"2026-09-05T02:31:45","guid":{"rendered":"https:\/\/blogdoedvaldomagalhaes.com.br\/?p=132869"},"modified":"2026-09-04T23:31:45","modified_gmt":"2026-09-05T02:31:45","slug":"ao-lado-de-raquel-lyra-professora-ana-lucia-participa-de-grande-caminhada-que-reuniu-mais-de-2-mil-pessoas-em-caruaru","status":"publish","type":"post","link":"https:\/\/blogdoedvaldomagalhaes.com.br\/index.php\/2026\/09\/04\/ao-lado-de-raquel-lyra-professora-ana-lucia-participa-de-grande-caminhada-que-reuniu-mais-de-2-mil-pessoas-em-caruaru\/","title":{"rendered":"Ao lado de Raquel Lyra, Professora Ana L\u00facia participa de grande caminhada que reuniu mais de 2 mil pessoas em Caruaru"},"content":{"rendered":"\n<p class=\"wp-block-paragraph\"><em>O \u201cBloco X\u00earo da Prof\u201d ganhou as ruas da Capital do Agreste e refor\u00e7ou a for\u00e7a pol\u00edtica da candidata a deputada estadual<\/em><\/p>\n\n\n\n<p class=\"wp-block-paragraph\">Uma multid\u00e3o tomou as ruas da Capital do Agreste em uma das maiores mobiliza\u00e7\u00f5es pol\u00edticas recentes na cidade. Ao lado da governadora e candidata \u00e0 reelei\u00e7\u00e3o, Raquel Lyra, a candidata a deputada estadual Professora Ana L\u00facia (PSD) participou da caminhada com o \u201cBloco X\u00earo da Prof\u201d, que, com mais de 2 mil pessoas, foi o maior entre as candidaturas proporcionais presentes no ato.<\/p>\n\n\n\n<p class=\"wp-block-paragraph\">A mobiliza\u00e7\u00e3o reuniu apoiadores, profissionais da educa\u00e7\u00e3o, lideran\u00e7as comunit\u00e1rias e representantes de diversos munic\u00edpios, refor\u00e7ando o crescimento da candidatura de Ana L\u00facia.<\/p>\n\n\n\n<p class=\"wp-block-paragraph\">\u201cFoi um momento emocionante e que ficar\u00e1 marcado na nossa caminhada. Ver milhares de pessoas nas ruas, abra\u00e7ando esse projeto e demonstrando confian\u00e7a, \u00e9 a confirma\u00e7\u00e3o de que estamos fazendo uma campanha verdadeira, com di\u00e1logo e compromisso. Minha campanha vem crescendo a cada dia, fruto de muito trabalho, de uma hist\u00f3ria constru\u00edda na educa\u00e7\u00e3o e, principalmente, da confian\u00e7a das pessoas\u201d, afirmou Professora Ana L\u00facia.<\/p>\n\n\n\n<p class=\"wp-block-paragraph\">A caminhada evidenciou a for\u00e7a pol\u00edtica da candidata e seu alinhamento com o projeto liderado por Raquel Lyra em Pernambuco.  <br>Siga o nosso Instagram @portaledivaldomagalhaes.  <br>Foto: Divulga\u00e7\u00e3o <\/p>\n","protected":false},"excerpt":{"rendered":"<p>O \u201cBloco X\u00earo da Prof\u201d ganhou as ruas da Capital do Agreste e refor\u00e7ou a for\u00e7a pol\u00edtica da candidata a&hellip;<\/p>\n","protected":false},"author":1,"featured_media":132870,"comment_status":"closed","ping_status":"open","sticky":false,"template":"","format":"standard","meta":{"footnotes":""},"categories":[14122],"tags":[37322,13146,36989],"class_list":["post-132869","post","type-post","status-publish","format-standard","has-post-thumbnail","hentry","category-politica","tag-ana-lucia","tag-blog-edvaldo-magalhaes","tag-portal-edivaldo-magalhaes"],"_links":{"self":[{"href":"https:\/\/blogdoedvaldomagalhaes.com.br\/index.php\/wp-json\/wp\/v2\/posts\/132869","targetHints":{"allow":["GET"]}}],"collection":[{"href":"https:\/\/blogdoedvaldomagalhaes.com.br\/index.php\/wp-json\/wp\/v2\/posts"}],"about":[{"href":"https:\/\/blogdoedvaldomagalhaes.com.br\/index.php\/wp-json\/wp\/v2\/types\/post"}],"author":[{"embeddable":true,"href":"https:\/\/blogdoedvaldomagalhaes.com.br\/index.php\/wp-json\/wp\/v2\/users\/1"}],"replies":[{"embeddable":true,"href":"https:\/\/blogdoedvaldomagalhaes.com.br\/index.php\/wp-json\/wp\/v2\/comments?post=132869"}],"version-history":[{"count":1,"href":"https:\/\/blogdoedvaldomagalhaes.com.br\/index.php\/wp-json\/wp\/v2\/posts\/132869\/revisions"}],"predecessor-version":[{"id":132871,"href":"https:\/\/blogdoedvaldomagalhaes.com.br\/index.php\/wp-json\/wp\/v2\/posts\/132869\/revisions\/132871"}],"wp:featuredmedia":[{"embeddable":true,"href":"https:\/\/blogdoedvaldomagalhaes.com.br\/index.php\/wp-json\/wp\/v2\/media\/132870"}],"wp:attachment":[{"href":"https:\/\/blogdoedvaldomagalhaes.com.br\/index.php\/wp-json\/wp\/v2\/media?parent=132869"}],"wp:term":[{"taxonomy":"category","embeddable":true,"href":"https:\/\/blogdoedvaldomagalhaes.com.br\/index.php\/wp-json\/wp\/v2\/categories?post=132869"},{"taxonomy":"post_tag","embeddable":true,"href":"https:\/\/blogdoedvaldomagalhaes.com.br\/index.php\/wp-json\/wp\/v2\/tags?post=132869"}],"curies":[{"name":"wp","href":"https:\/\/api.w.org\/{rel}","templated":true}]}}