{"id":132866,"date":"2026-09-04T23:18:09","date_gmt":"2026-09-05T02:18:09","guid":{"rendered":"https:\/\/blogdoedvaldomagalhaes.com.br\/?p=132866"},"modified":"2026-09-04T23:18:09","modified_gmt":"2026-09-05T02:18:09","slug":"governo-de-pernambuco-executa-obras-da-nova-sede-do-batalhao-integrado-da-policia-militar-em-caruaru-no-agreste","status":"publish","type":"post","link":"https:\/\/blogdoedvaldomagalhaes.com.br\/index.php\/2026\/09\/04\/governo-de-pernambuco-executa-obras-da-nova-sede-do-batalhao-integrado-da-policia-militar-em-caruaru-no-agreste\/","title":{"rendered":"Governo de Pernambuco executa obras da nova sede do Batalh\u00e3o Integrado da Pol\u00edcia Militar em Caruaru, no Agreste"},"content":{"rendered":"\n<p class=\"wp-block-paragraph\">Dando continuidade aos investimentos em seguran\u00e7a p\u00fablica, o Governo de Pernambuco segue com o cronograma de constru\u00e7\u00e3o da nova sede do 1\u00ba Batalh\u00e3o Integrado Especializado (Biesp) da Pol\u00edcia Militar (PM), em Caruaru, no Agreste Central. Com investimento de R$ 10,6 milh\u00f5es, o Biesp re\u00fane diversas especialidades da PM em um \u00fanico espa\u00e7o, oferecendo apoio aos outros batalh\u00f5es do Agreste e melhores condi\u00e7\u00f5es de trabalho aos policiais. A governadora Raquel Lyra acompanhou o andamento das obras nesta sexta-feira (4).<\/p>\n\n\n\n<p class=\"wp-block-paragraph\">O secret\u00e1rio de Defesa Social, Alessandro Carvalho, destacou a import\u00e2ncia da nova sede. \u201cO Biesp existe h\u00e1 sete anos em Caruaru, mas funciona atualmente em uma antiga edifica\u00e7\u00e3o que foi adaptada. Agora, teremos uma unidade planejada pela PM para atender \u00e0s necessidades espec\u00edficas da corpora\u00e7\u00e3o. Isso representa um servi\u00e7o melhor para toda a popula\u00e7\u00e3o de Caruaru e do Agreste\u201d, afirmou.<\/p>\n\n\n\n<p class=\"wp-block-paragraph\">Atualmente, as interven\u00e7\u00f5es no canteiro de obras est\u00e3o focadas na infraestrutura de funda\u00e7\u00e3o e na superestrutura da edifica\u00e7\u00e3o, com 9% de avan\u00e7o do projeto. O pr\u00e9dio foi projetado para receber e distribuir as modalidades de policiamento ostensivo e especializado, incluindo opera\u00e7\u00f5es de radiopatrulhamento, tr\u00e2nsito, c\u00e3es e apoio t\u00e1tico na regi\u00e3o Agreste.<\/p>\n\n\n\n<p class=\"wp-block-paragraph\">Tamb\u00e9m acompanhando o andamento das obras, o comandante-geral da PM, Ivanildo Torres, disse que o novo equipamento garante melhores condi\u00e7\u00f5es de trabalho. \u201cA constru\u00e7\u00e3o do Biesp \u00e9 importante pelas condi\u00e7\u00f5es de trabalho digna que daremos aos nossos policiais. Aqui, teremos v\u00e1rias especialidades da PM em uma estrutura pr\u00f3pria e espec\u00edfica para isso. Ent\u00e3o, ganha a Pol\u00edcia Militar, ganha a cidade de Caruaru e regi\u00e3o, principalmente, ganha a sociedade com mais seguran\u00e7a\u201d, apontou.<\/p>\n\n\n\n<p class=\"wp-block-paragraph\">O projeto foi setorizado visando o zoneamento funcional completo do Batalh\u00e3o e a otimiza\u00e7\u00e3o das circula\u00e7\u00f5es, com integra\u00e7\u00e3o ao paisagismo do terreno, resultando nas seguintes zonas: guarita (entrada principal), Batalh\u00e3o (bloco principal), Dojo, Piscina com apoio, Canil e Quadra. Para os ambientes de seguran\u00e7a, como reserva de material b\u00e9lico e \u00e1rea de manejo, foram adotadas localiza\u00e7\u00e3o na \u00e1rea central da edifica\u00e7\u00e3o e paredes em concreto.<\/p>\n\n\n\n<p class=\"wp-block-paragraph\">&#8220;A fase atual da obra estabelece a base f\u00edsica necess\u00e1ria para garantir a sustentabilidade do projeto arquitet\u00f4nico e o atendimento aos requisitos operacionais exigidos para equipamentos dessa natureza\u201d, explicou Paulo Lira, diretor-presidente da Companhia Estadual de Habita\u00e7\u00e3o e Obras (Cehab), \u00f3rg\u00e3o respons\u00e1vel pelo acompanhamento da evolu\u00e7\u00e3o da obra.<\/p>\n\n\n\n<p class=\"wp-block-paragraph\"><em>PE-095<\/em> &#8211; Ainda em Caruaru, o Governo de Pernambuco executa obras de duplica\u00e7\u00e3o num trecho de 5,2 quil\u00f4metros da PE-095. Com recursos de R$ 41,8 milh\u00f5es, as interven\u00e7\u00f5es visam melhorar a log\u00edstica regional, contribuindo para o desenvolvimento do com\u00e9rcio, principalmente do P\u00f3lo T\u00eaxtil. A obra contar\u00e1 com servi\u00e7os de terraplanagem, fresagem da pavimenta\u00e7\u00e3o, reciclagem da base, execu\u00e7\u00e3o de base em brita graduada simples, dispositivos de drenagem, pavimento em tratamento superficial duplo, revestimento, sinaliza\u00e7\u00e3o vi\u00e1ria e servi\u00e7os complementares, como ilumina\u00e7\u00e3o p\u00fablica e passeio de concreto. A PE-095 liga Caruaru a Limoeiro, no Agreste Setentrional. A rodovia conta com mercado comercial em toda sua extens\u00e3o, especialmente t\u00eaxtil, al\u00e9m de um crescimento imobili\u00e1rio recente. A obra <\/p>\n","protected":false},"excerpt":{"rendered":"<p>Dando continuidade aos investimentos em seguran\u00e7a p\u00fablica, o Governo de Pernambuco segue com o cronograma de constru\u00e7\u00e3o da nova sede&hellip;<\/p>\n","protected":false},"author":1,"featured_media":132867,"comment_status":"closed","ping_status":"open","sticky":false,"template":"","format":"standard","meta":{"footnotes":""},"categories":[14122],"tags":[7222,37321,27410,13146,36989],"class_list":["post-132866","post","type-post","status-publish","format-standard","has-post-thumbnail","hentry","category-politica","tag-agreste","tag-batalhao-integrado-da-policia-militar","tag-blog-de-caruaru","tag-blog-edvaldo-magalhaes","tag-portal-edivaldo-magalhaes"],"_links":{"self":[{"href":"https:\/\/blogdoedvaldomagalhaes.com.br\/index.php\/wp-json\/wp\/v2\/posts\/132866","targetHints":{"allow":["GET"]}}],"collection":[{"href":"https:\/\/blogdoedvaldomagalhaes.com.br\/index.php\/wp-json\/wp\/v2\/posts"}],"about":[{"href":"https:\/\/blogdoedvaldomagalhaes.com.br\/index.php\/wp-json\/wp\/v2\/types\/post"}],"author":[{"embeddable":true,"href":"https:\/\/blogdoedvaldomagalhaes.com.br\/index.php\/wp-json\/wp\/v2\/users\/1"}],"replies":[{"embeddable":true,"href":"https:\/\/blogdoedvaldomagalhaes.com.br\/index.php\/wp-json\/wp\/v2\/comments?post=132866"}],"version-history":[{"count":1,"href":"https:\/\/blogdoedvaldomagalhaes.com.br\/index.php\/wp-json\/wp\/v2\/posts\/132866\/revisions"}],"predecessor-version":[{"id":132868,"href":"https:\/\/blogdoedvaldomagalhaes.com.br\/index.php\/wp-json\/wp\/v2\/posts\/132866\/revisions\/132868"}],"wp:featuredmedia":[{"embeddable":true,"href":"https:\/\/blogdoedvaldomagalhaes.com.br\/index.php\/wp-json\/wp\/v2\/media\/132867"}],"wp:attachment":[{"href":"https:\/\/blogdoedvaldomagalhaes.com.br\/index.php\/wp-json\/wp\/v2\/media?parent=132866"}],"wp:term":[{"taxonomy":"category","embeddable":true,"href":"https:\/\/blogdoedvaldomagalhaes.com.br\/index.php\/wp-json\/wp\/v2\/categories?post=132866"},{"taxonomy":"post_tag","embeddable":true,"href":"https:\/\/blogdoedvaldomagalhaes.com.br\/index.php\/wp-json\/wp\/v2\/tags?post=132866"}],"curies":[{"name":"wp","href":"https:\/\/api.w.org\/{rel}","templated":true}]}}