{"id":132863,"date":"2026-09-04T22:59:21","date_gmt":"2026-09-05T01:59:21","guid":{"rendered":"https:\/\/blogdoedvaldomagalhaes.com.br\/?p=132863"},"modified":"2026-09-04T23:46:30","modified_gmt":"2026-09-05T02:46:30","slug":"governo-de-pernambuco-investe-r-623-milhoes-na-construcao-de-novo-campus-da-upe-em-caruaru-no-agreste","status":"publish","type":"post","link":"https:\/\/blogdoedvaldomagalhaes.com.br\/index.php\/2026\/09\/04\/governo-de-pernambuco-investe-r-623-milhoes-na-construcao-de-novo-campus-da-upe-em-caruaru-no-agreste\/","title":{"rendered":"Governo de Pernambuco investe R$ 62,3 milh\u00f5es na constru\u00e7\u00e3o de novo campus da UPE em Caruaru, no Agreste"},"content":{"rendered":"\n<p class=\"wp-block-paragraph\"><\/p>\n\n\n\n<p class=\"wp-block-paragraph\">Com objetivo de ampliar e interiorizar o ensino superior, o Governo do Estado executa a constru\u00e7\u00e3o do novo Campus da Universidade de Pernambuco (UPE), em Caruaru, no Agreste Central. O empreendimento ter\u00e1 aproximadamente 12,5 mil metros quadrados de \u00e1rea constru\u00edda e investimento de R$ 62,3 milh\u00f5es da gest\u00e3o estadual. A conclus\u00e3o da obra est\u00e1 prevista para 2027. A governadora Raquel Lyra visitou as obras nesta sexta-feira (4).<\/p>\n\n\n\n<p class=\"wp-block-paragraph\">O novo campus ter\u00e1 ambientes destinados ao ensino, pesquisa e extens\u00e3o, incluindo salas de aula, laborat\u00f3rios especializados, biblioteca, audit\u00f3rio e setores administrativos. O projeto tamb\u00e9m contempla \u00e1reas de conviv\u00eancia, passarelas, acessos internos, urbaniza\u00e7\u00e3o, sistemas prediais e demais estruturas necess\u00e1rias ao funcionamento do campus. O novo equipamento seguir\u00e1 t\u00e9cnicas de acessibilidade, seguran\u00e7a, preven\u00e7\u00e3o contra inc\u00eandios e demais regulamenta\u00e7\u00f5es aplic\u00e1veis.<\/p>\n\n\n\n<p class=\"wp-block-paragraph\">Acompanhando as obras, a secret\u00e1ria de Ci\u00eancia, Tecnologia e Inova\u00e7\u00e3o de Pernambuco, Mauric\u00e9lia Montenegro, ressaltou a chegada de novos cursos da UPE para Caruaru e regi\u00e3o. \u201cNesse novo espa\u00e7o, abriremos novos cursos em tecnologia e sa\u00fade, para que a gente possa fixar o aluno do Agreste na regi\u00e3o. Isso quer dizer mais professores, alunos, mestrados e doutorados na regi\u00e3o, trazendo mais oportunidades de desenvolvimento, atrav\u00e9s do ensino de qualidade e equipamento moderno\u201d, afirmou a secret\u00e1ria.<\/p>\n\n\n\n<p class=\"wp-block-paragraph\">A interven\u00e7\u00e3o \u00e9 executada pela Companhia Estadual de Habita\u00e7\u00e3o e Obras (Cehab), vinculada \u00e0 Secretaria de Desenvolvimento Urbano e Habita\u00e7\u00e3o (Seduh). \u201cA constru\u00e7\u00e3o do novo Campus da UPE em Caruaru representa uma obra de infraestrutura voltada \u00e0 consolida\u00e7\u00e3o das atividades acad\u00eamicas da universidade no Agreste. Neste momento inicial, a prioridade \u00e9 garantir que cada etapa seja executada dentro dos par\u00e2metros t\u00e9cnicos previstos. A Cehab acompanha a execu\u00e7\u00e3o desde a implanta\u00e7\u00e3o do canteiro e seguir\u00e1 atuando no monitoramento dos servi\u00e7os ao longo da obra\u201d, destacou o diretor-presidente da Cehab, Paulo Lira.<\/p>\n\n\n\n<p class=\"wp-block-paragraph\">Fotos: Isa\u00edas Silva\/Secom. <br>Siga o nosso Instagram @portaledivaldomagalhaes<\/p>\n","protected":false},"excerpt":{"rendered":"<p>Com objetivo de ampliar e interiorizar o ensino superior, o Governo do Estado executa a constru\u00e7\u00e3o do novo Campus da&hellip;<\/p>\n","protected":false},"author":1,"featured_media":132864,"comment_status":"closed","ping_status":"open","sticky":false,"template":"","format":"standard","meta":{"footnotes":""},"categories":[14120],"tags":[27410,13146,5943,36989,37320],"class_list":["post-132863","post","type-post","status-publish","format-standard","has-post-thumbnail","hentry","category-noticias","tag-blog-de-caruaru","tag-blog-edvaldo-magalhaes","tag-governo-de-pernambuco","tag-portal-edivaldo-magalhaes","tag-upe-caruaru"],"_links":{"self":[{"href":"https:\/\/blogdoedvaldomagalhaes.com.br\/index.php\/wp-json\/wp\/v2\/posts\/132863","targetHints":{"allow":["GET"]}}],"collection":[{"href":"https:\/\/blogdoedvaldomagalhaes.com.br\/index.php\/wp-json\/wp\/v2\/posts"}],"about":[{"href":"https:\/\/blogdoedvaldomagalhaes.com.br\/index.php\/wp-json\/wp\/v2\/types\/post"}],"author":[{"embeddable":true,"href":"https:\/\/blogdoedvaldomagalhaes.com.br\/index.php\/wp-json\/wp\/v2\/users\/1"}],"replies":[{"embeddable":true,"href":"https:\/\/blogdoedvaldomagalhaes.com.br\/index.php\/wp-json\/wp\/v2\/comments?post=132863"}],"version-history":[{"count":1,"href":"https:\/\/blogdoedvaldomagalhaes.com.br\/index.php\/wp-json\/wp\/v2\/posts\/132863\/revisions"}],"predecessor-version":[{"id":132865,"href":"https:\/\/blogdoedvaldomagalhaes.com.br\/index.php\/wp-json\/wp\/v2\/posts\/132863\/revisions\/132865"}],"wp:featuredmedia":[{"embeddable":true,"href":"https:\/\/blogdoedvaldomagalhaes.com.br\/index.php\/wp-json\/wp\/v2\/media\/132864"}],"wp:attachment":[{"href":"https:\/\/blogdoedvaldomagalhaes.com.br\/index.php\/wp-json\/wp\/v2\/media?parent=132863"}],"wp:term":[{"taxonomy":"category","embeddable":true,"href":"https:\/\/blogdoedvaldomagalhaes.com.br\/index.php\/wp-json\/wp\/v2\/categories?post=132863"},{"taxonomy":"post_tag","embeddable":true,"href":"https:\/\/blogdoedvaldomagalhaes.com.br\/index.php\/wp-json\/wp\/v2\/tags?post=132863"}],"curies":[{"name":"wp","href":"https:\/\/api.w.org\/{rel}","templated":true}]}}