{"id":132855,"date":"2026-09-04T21:09:03","date_gmt":"2026-09-05T00:09:03","guid":{"rendered":"https:\/\/blogdoedvaldomagalhaes.com.br\/?p=132855"},"modified":"2026-09-04T21:12:15","modified_gmt":"2026-09-05T00:12:15","slug":"raquel-faz-caminhada-historica-e-reune-uma-multidao-pelas-ruas-de-caruaru","status":"publish","type":"post","link":"https:\/\/blogdoedvaldomagalhaes.com.br\/index.php\/2026\/09\/04\/raquel-faz-caminhada-historica-e-reune-uma-multidao-pelas-ruas-de-caruaru\/","title":{"rendered":"Raquel faz caminhada hist\u00f3rica e re\u00fane uma multid\u00e3o pelas ruas de Caruaru"},"content":{"rendered":"\n<p class=\"wp-block-paragraph\"><\/p>\n\n\n\n<p class=\"wp-block-paragraph\">Recheada de simbolismo e emo\u00e7\u00e3o, a caminhada da governadora e candidata \u00e0 reelei\u00e7\u00e3o, Raquel Lyra (PSD), nesta sexta-feira (4), foi hist\u00f3rica. Acompanhada da vice-governadora e candidata \u00e0 reelei\u00e7\u00e3o, Priscila Krause (PSD), e dos seus candidatos ao Senado, os deputados federais T\u00falio Gad\u00ealha (PSD) e Eduardo da Fonte (PP), Raquel destacou para milhares de pessoas o papel fundamental da cidade, onde foi a primeira mulher prefeita, na sua trajet\u00f3ria at\u00e9 o Governo de Pernambuco. A candidata da Coliga\u00e7\u00e3o Pernambuco de Cora\u00e7\u00e3o tamb\u00e9m citou a s\u00e9rie de investimentos no munic\u00edpio.<\/p>\n\n\n\n<figure class=\"wp-block-image size-large\"><img loading=\"lazy\" decoding=\"async\" width=\"1024\" height=\"683\" src=\"https:\/\/blogdoedvaldomagalhaes.com.br\/wp-content\/uploads\/2026\/09\/2e318303-4b9f-4aa9-809e-b815cba4a5e6-1024x683.jpg\" alt=\"\" class=\"wp-image-132858\" srcset=\"https:\/\/blogdoedvaldomagalhaes.com.br\/wp-content\/uploads\/2026\/09\/2e318303-4b9f-4aa9-809e-b815cba4a5e6-1024x683.jpg 1024w, https:\/\/blogdoedvaldomagalhaes.com.br\/wp-content\/uploads\/2026\/09\/2e318303-4b9f-4aa9-809e-b815cba4a5e6-300x200.jpg 300w, https:\/\/blogdoedvaldomagalhaes.com.br\/wp-content\/uploads\/2026\/09\/2e318303-4b9f-4aa9-809e-b815cba4a5e6-768x512.jpg 768w, https:\/\/blogdoedvaldomagalhaes.com.br\/wp-content\/uploads\/2026\/09\/2e318303-4b9f-4aa9-809e-b815cba4a5e6-1536x1025.jpg 1536w, https:\/\/blogdoedvaldomagalhaes.com.br\/wp-content\/uploads\/2026\/09\/2e318303-4b9f-4aa9-809e-b815cba4a5e6.jpg 2000w\" sizes=\"auto, (max-width: 1024px) 100vw, 1024px\" \/><\/figure>\n\n\n\n<p class=\"wp-block-paragraph\">&#8220;Eu tinha que vir para o meu ch\u00e3o para a gente comemorar a corrida agora e celebrar a caminhada dos pr\u00f3ximos 30 dias. Voc\u00eas me conduziram at\u00e9 agora e daqui eu passo para Pernambuco inteiro, como sempre fiz, agradecendo \u00e0queles que vieram antes de n\u00f3s, que nos ensinaram a ter coragem e for\u00e7a, a lutar por aquilo que a gente acredita. Caruaru me fez quem sou e eu estou de p\u00e9 para seguir levantando Pernambuco&#8221;, disse Raquel.<\/p>\n\n\n\n<p class=\"wp-block-paragraph\">Na agenda, que contou com a presen\u00e7a do prefeito de Caruaru, Rodrigo Pinheiro (PSD), gestores de outros munic\u00edpios, deputados, candidatos e vereadores, a governadora ressaltou que n\u00e3o tem um projeto pessoal de poder e que trabalha para que o Estado continue a liderar o crescimento no Nordeste. Tamb\u00e9m pediu para que as pernambucanas e pernambucanos votem nos candidatos que est\u00e3o ao lado dela. Raquel foi acompanhada pela m\u00e3e, M\u00e9rcia Lyra, e as irm\u00e3s, Paula e Nara.<\/p>\n\n\n\n<figure class=\"wp-block-image size-large\"><img loading=\"lazy\" decoding=\"async\" width=\"683\" height=\"1024\" src=\"https:\/\/blogdoedvaldomagalhaes.com.br\/wp-content\/uploads\/2026\/09\/1cc3a8c8-e181-447b-8f2b-cf7f201245f2-683x1024.jpg\" class=\"wp-image-132860\" srcset=\"https:\/\/blogdoedvaldomagalhaes.com.br\/wp-content\/uploads\/2026\/09\/1cc3a8c8-e181-447b-8f2b-cf7f201245f2-683x1024.jpg 683w, https:\/\/blogdoedvaldomagalhaes.com.br\/wp-content\/uploads\/2026\/09\/1cc3a8c8-e181-447b-8f2b-cf7f201245f2-200x300.jpg 200w, https:\/\/blogdoedvaldomagalhaes.com.br\/wp-content\/uploads\/2026\/09\/1cc3a8c8-e181-447b-8f2b-cf7f201245f2-768x1151.jpg 768w, https:\/\/blogdoedvaldomagalhaes.com.br\/wp-content\/uploads\/2026\/09\/1cc3a8c8-e181-447b-8f2b-cf7f201245f2-1025x1536.jpg 1025w, https:\/\/blogdoedvaldomagalhaes.com.br\/wp-content\/uploads\/2026\/09\/1cc3a8c8-e181-447b-8f2b-cf7f201245f2.jpg 1334w\" sizes=\"auto, (max-width: 683px) 100vw, 683px\" \/><\/figure>\n\n\n\n<p class=\"wp-block-paragraph\">&#8220;Pernambuco voltou, mainha chegou e veio para ficar. A gente vai seguir em frente. Pernambuco agora \u00e9 l\u00edder do Nordeste Brasileiro. N\u00e3o estamos aqui pelo cargo, n\u00f3s estamos aqui para fazer Pernambuco crescer, mas n\u00e3o deixar ningu\u00e9m para tr\u00e1s. Obrigada, Caruaru!&#8221;, discursou a governadora.<\/p>\n\n\n\n<p class=\"wp-block-paragraph\">Antes da caminhada, a governadora falou sobre as a\u00e7\u00f5es da sua gest\u00e3o que beneficiaram fortemente Caruaru e regi\u00e3o, a exemplo da chegada da \u00e1gua da Transposi\u00e7\u00e3o do Rio S\u00e3o Francisco, por meio da Adutora do Agreste, e o fim do rod\u00edzio para mais de 600 mil pessoas no munic\u00edpio, em Santa Cruz do Capibaribe e em Belo Jardim. O investimento em Caruaru foi de R$ 1,2 bilh\u00e3o, incluindo a reforma e amplia\u00e7\u00e3o do Hospital Regional do Agreste, que est\u00e1 em andamento, e a entrega do Hospital da Mulher do Agreste.<\/p>\n\n\n\n<figure class=\"wp-block-image size-large\"><img loading=\"lazy\" decoding=\"async\" width=\"1024\" height=\"683\" src=\"https:\/\/blogdoedvaldomagalhaes.com.br\/wp-content\/uploads\/2026\/09\/dee65741-2d32-4770-87b5-58426c76d7a2-1024x683.jpg\" class=\"wp-image-132861\" srcset=\"https:\/\/blogdoedvaldomagalhaes.com.br\/wp-content\/uploads\/2026\/09\/dee65741-2d32-4770-87b5-58426c76d7a2-1024x683.jpg 1024w, https:\/\/blogdoedvaldomagalhaes.com.br\/wp-content\/uploads\/2026\/09\/dee65741-2d32-4770-87b5-58426c76d7a2-300x200.jpg 300w, https:\/\/blogdoedvaldomagalhaes.com.br\/wp-content\/uploads\/2026\/09\/dee65741-2d32-4770-87b5-58426c76d7a2-768x512.jpg 768w, https:\/\/blogdoedvaldomagalhaes.com.br\/wp-content\/uploads\/2026\/09\/dee65741-2d32-4770-87b5-58426c76d7a2.jpg 1280w\" sizes=\"auto, (max-width: 1024px) 100vw, 1024px\" \/><\/figure>\n\n\n\n<p class=\"wp-block-paragraph\">Acompanharam Raquel a prefeita de Bezerros, Lucielle Laurentino; o prefeito de Gravat\u00e1, Padre Joselito; o prefeito de Toritama, S\u00e9rgio Colin; o prefeito de Santa Cruz do Capibaribe, Helinho Arag\u00e3o; a prefeita de Cort\u00eas, F\u00e1tima Borba; o prefeito de Salo\u00e1, J\u00fanior de Rivaldo; o prefeito de Riacho das Almas, Di\u00f3 Filho; os deputados federais e candidatos \u00e0 reelei\u00e7\u00e3o, Fernando Monteiro e Pastor Eurico; os deputados estaduais e candidatos \u00e0 reelei\u00e7\u00e3o, D\u00e9bora Almeida, Jo\u00e3ozinho Ten\u00f3rio e Edson Vieira; as candidatas a deputada federal Juliana Gouveia, Cris do Transforma e Coronel Denize; e os candidatos a deputado estadual Carlos Braga, Alcides Texeira Neto, que \u00e9 vereador licenciado do Recife, Viviane Facundes, Professora Ana L\u00facia, Chef Negralinda, Ni do Badoque, Anderson Luiz e Anderson Correia.  <br \/>Siga o nosso Instagram @portaledivaldomagalhaes.  <br \/>Fotos: Jana\u00edna Pepeu <\/p>\n","protected":false},"excerpt":{"rendered":"<p>Recheada de simbolismo e emo\u00e7\u00e3o, a caminhada da governadora e candidata \u00e0 reelei\u00e7\u00e3o, Raquel Lyra (PSD), nesta sexta-feira (4), foi&hellip;<\/p>\n","protected":false},"author":1,"featured_media":132856,"comment_status":"closed","ping_status":"open","sticky":false,"template":"","format":"standard","meta":{"footnotes":""},"categories":[14122],"tags":[36938,13146,36989,37319],"class_list":["post-132855","post","type-post","status-publish","format-standard","has-post-thumbnail","hentry","category-politica","tag-blog-de-politica","tag-blog-edvaldo-magalhaes","tag-portal-edivaldo-magalhaes","tag-raquel-faz-caminhada-historica-e-reune-uma-multidao-pelas-ruas-de-caruaru"],"_links":{"self":[{"href":"https:\/\/blogdoedvaldomagalhaes.com.br\/index.php\/wp-json\/wp\/v2\/posts\/132855","targetHints":{"allow":["GET"]}}],"collection":[{"href":"https:\/\/blogdoedvaldomagalhaes.com.br\/index.php\/wp-json\/wp\/v2\/posts"}],"about":[{"href":"https:\/\/blogdoedvaldomagalhaes.com.br\/index.php\/wp-json\/wp\/v2\/types\/post"}],"author":[{"embeddable":true,"href":"https:\/\/blogdoedvaldomagalhaes.com.br\/index.php\/wp-json\/wp\/v2\/users\/1"}],"replies":[{"embeddable":true,"href":"https:\/\/blogdoedvaldomagalhaes.com.br\/index.php\/wp-json\/wp\/v2\/comments?post=132855"}],"version-history":[{"count":3,"href":"https:\/\/blogdoedvaldomagalhaes.com.br\/index.php\/wp-json\/wp\/v2\/posts\/132855\/revisions"}],"predecessor-version":[{"id":132862,"href":"https:\/\/blogdoedvaldomagalhaes.com.br\/index.php\/wp-json\/wp\/v2\/posts\/132855\/revisions\/132862"}],"wp:featuredmedia":[{"embeddable":true,"href":"https:\/\/blogdoedvaldomagalhaes.com.br\/index.php\/wp-json\/wp\/v2\/media\/132856"}],"wp:attachment":[{"href":"https:\/\/blogdoedvaldomagalhaes.com.br\/index.php\/wp-json\/wp\/v2\/media?parent=132855"}],"wp:term":[{"taxonomy":"category","embeddable":true,"href":"https:\/\/blogdoedvaldomagalhaes.com.br\/index.php\/wp-json\/wp\/v2\/categories?post=132855"},{"taxonomy":"post_tag","embeddable":true,"href":"https:\/\/blogdoedvaldomagalhaes.com.br\/index.php\/wp-json\/wp\/v2\/tags?post=132855"}],"curies":[{"name":"wp","href":"https:\/\/api.w.org\/{rel}","templated":true}]}}