{"id":132853,"date":"2026-09-04T20:58:32","date_gmt":"2026-09-04T23:58:32","guid":{"rendered":"https:\/\/blogdoedvaldomagalhaes.com.br\/?p=132853"},"modified":"2026-09-04T20:58:32","modified_gmt":"2026-09-04T23:58:32","slug":"senac-pe-abre-inscricoes-para-mais-de-2-mil-vagas-gratuitas-em-cursos-profissionalizantes","status":"publish","type":"post","link":"https:\/\/blogdoedvaldomagalhaes.com.br\/index.php\/2026\/09\/04\/senac-pe-abre-inscricoes-para-mais-de-2-mil-vagas-gratuitas-em-cursos-profissionalizantes\/","title":{"rendered":"Senac PE abre inscri\u00e7\u00f5es para mais de 2 mil vagas gratuitas em cursos profissionalizantes"},"content":{"rendered":"\n<p class=\"wp-block-paragraph\"><em>Oportunidades fazem parte do Programa Senac de Gratuidade (PSG) e contemplam \u00e1reas de Tecnologia, Gastronomia, Beleza, Moda, Lazer, Sa\u00fade e Gest\u00e3o<\/em><\/p>\n\n\n\n<p class=\"wp-block-paragraph\">O Senac Pernambuco oferta 2.038 vagas gratuitas em cursos profissionalizantes nas \u00e1reas de Tecnologia, Gastronomia, Beleza, Moda, Lazer, Sa\u00fade e Gest\u00e3o. As oportunidades fazem parte do Programa Senac de Gratuidade (PSG) e contemplam cursos de qualifica\u00e7\u00e3o profissional e aperfei\u00e7oamento nas unidades da institui\u00e7\u00e3o no Recife, Paulista, Caruaru, Serra Talhada, Garanhuns e Petrolina. As inscri\u00e7\u00f5es est\u00e3o abertas e devem ser realizadas pelo site&nbsp;www.pe.senac.br\/psg, at\u00e9 ter\u00e7a-feira (8). A divulga\u00e7\u00e3o dos qualificados ser\u00e1 na quarta-feira (9).&nbsp;<\/p>\n\n\n\n<p class=\"wp-block-paragraph\">Institu\u00eddo em 2008, a partir de um acordo firmado entre os&nbsp; Minist\u00e9rios da Educa\u00e7\u00e3o, do Trabalho e da Fazenda, Confedera\u00e7\u00e3o Nacional do Com\u00e9rcio de Bens, Servi\u00e7os e Turismo (CNC) e o Senac, o Programa Senac de Gratuidade tem como objetivo democratizar acesso \u00e0 educa\u00e7\u00e3o profissional de qualidade para pessoas de baixa renda. Para o presidente do Sistema Fecom\u00e9rcio\/Sesc\/Senac-PE, Bernardo Peixoto, o PSG \u00e9 uma importante ferramenta de transforma\u00e7\u00e3o socioecon\u00f4mica para Pernambuco.&nbsp;<\/p>\n\n\n\n<p class=\"wp-block-paragraph\">  <br>Siga o nosso Instagram @portaledivaldomagalhaes. <br>Foto: Divulga\u00e7\u00e3o &#8220;Com essa iniciativa, transformamos trajet\u00f3rias de vida e ampliamos o n\u00famero de profissionais qualificados para atender \u00e0s novas demandas do mercado de trabalho. Neste edital, investimos mais de R$ 8 milh\u00f5es para garantir que pessoas de baixa renda tenham acesso a uma forma\u00e7\u00e3o de excel\u00eancia, gratuita e alinhada \u00e0s oportunidades reais de emprego no Estado&#8221;, destaca Bernardo.\u00a0<br>\u00a0<br><em>Crit\u00e9rios de participa\u00e7\u00e3o<\/em><br>Para participar, o candidato deve atender a requisitos b\u00e1sicos como possuir renda familiar de at\u00e9 dois sal\u00e1rios m\u00ednimos por pessoa, estar matriculado ou ser egresso da educa\u00e7\u00e3o b\u00e1sica e ser trabalhador empregado ou desempregado. Tamb\u00e9m \u00e9 necess\u00e1rio observar os crit\u00e9rios espec\u00edficos de cada curso, como idade m\u00ednima e escolaridade, dispon\u00edveis no edital.\u00a0<br>\u00a0<br>O resultado ser\u00e1 divulgado na quarta-feira (9), e os convocados poder\u00e3o realizar a matr\u00edcula presencialmente nas unidades do Senac PE entre os dias 9 e 12 de setembro. As aulas come\u00e7am a partir do dia 14 de setembro. Para obter mais informa\u00e7\u00f5es, os interessados podem acessar o edital no site:\u00a0www.pe.senac.br\/psg\u00a0ou entrar em contato com o atendimento da institui\u00e7\u00e3o. Em Caruaru os\u00a0 n\u00faneros de telefones s\u00e3o\u00a0(81) 3727-8259\/8260 ou (81) 9 84917379 e em Garanhuns\u00a0 &#8211; (87) 3764-2700\/2703 ou (87) 9 88748492 \/ 9 99883934<br>\u00a0<br><em>No Agreste<\/em><br>Nesta regi\u00e3o, o Senac disponibiliza 294 vagas gratuitas, distribu\u00eddas entre as unidades de Caruaru e Garanhuns.\u00a0Em Caruaru h\u00e1 ofertas para os cursos de Programador Full Stack, Analista de Dados, Programador Web, Atendente de Farm\u00e1cia e Agente de Combate \u00e0s Endemias, todos com 20 vagas cada. J\u00e1 em Garanhuns, s\u00e3o 194 vagas distribu\u00eddas entre oito cursos: Analista de Dados, Assistente de Marketing e Vendas, Auxiliar de Cozinha, Cabeleireiro, Costureiro, Programador Web, Recepcionista em servi\u00e7os de sa\u00fade e Representante comercial.<br>\u00a0<br><em>SERVI\u00c7O<\/em><br>Programa Senac de Gratuidade (PSG)<br>Inscri\u00e7\u00f5es: at\u00e9 08\/09<br>Resultado: 09\/09<br>Matr\u00edcula: 09\/09 a 12\/09<br>Site:\u00a0www.pe.senac.br\/psg<br>Mais informa\u00e7\u00f5es:<br>Caruaru &#8211;\u00a0 (81) 3727-8259\/8260 ou (81) 9 84917379\u00a0<br>Garanhuns\u00a0 &#8211; (87) 3764-2700\/2703 ou (87) 9 88748492 \/ 9 99883934<br>\u00a0<br><em>80 anos do Senac PE<\/em><br>Refer\u00eancia em educa\u00e7\u00e3o profissional, o Senac Pernambuco celebra, no dia 14 de outubro, 80 anos como uma institui\u00e7\u00e3o comprometida com o desenvolvimento do estado de Pernambuco ao formar profissionais qualificados e alinhados \u00e0s demandas do mercado de trabalho. Com uma atua\u00e7\u00e3o capilarizada, a institui\u00e7\u00e3o conta com sede f\u00edsica no Recife, Paulista, Vit\u00f3ria de Santo Ant\u00e3o, Caruaru, Garanhuns, Petrolina e Serra Talhada, al\u00e9m de 13 unidades m\u00f3veis.\u00a0<br>\u00a0<br>Sua oferta educacional inclui cursos de Forma\u00e7\u00e3o Inicial e Continuada, Ensino M\u00e9dio Integrado (Mediotec Senac), Educa\u00e7\u00e3o Profissional T\u00e9cnica de N\u00edvel M\u00e9dio e de N\u00edvel Superior (Faculdade Senac PE), al\u00e9m de a\u00e7\u00f5es extensivas, como workshops, congressos e palestras. Em 2025, foram 42.849 matr\u00edculas e mais de 6,6 milh\u00f5es de horas-aula ministradas em todo o estado.  <br>Siga o nosso Instagram @portaledivaldomagalhaes<br>Foto: Divulga\u00e7\u00e3o <\/p>\n","protected":false},"excerpt":{"rendered":"<p>Oportunidades fazem parte do Programa Senac de Gratuidade (PSG) e contemplam \u00e1reas de Tecnologia, Gastronomia, Beleza, Moda, Lazer, Sa\u00fade e&hellip;<\/p>\n","protected":false},"author":1,"featured_media":64930,"comment_status":"closed","ping_status":"open","sticky":false,"template":"","format":"standard","meta":{"footnotes":""},"categories":[14120],"tags":[13146,36989,35900],"class_list":["post-132853","post","type-post","status-publish","format-standard","has-post-thumbnail","hentry","category-noticias","tag-blog-edvaldo-magalhaes","tag-portal-edivaldo-magalhaes","tag-senac-pe"],"_links":{"self":[{"href":"https:\/\/blogdoedvaldomagalhaes.com.br\/index.php\/wp-json\/wp\/v2\/posts\/132853","targetHints":{"allow":["GET"]}}],"collection":[{"href":"https:\/\/blogdoedvaldomagalhaes.com.br\/index.php\/wp-json\/wp\/v2\/posts"}],"about":[{"href":"https:\/\/blogdoedvaldomagalhaes.com.br\/index.php\/wp-json\/wp\/v2\/types\/post"}],"author":[{"embeddable":true,"href":"https:\/\/blogdoedvaldomagalhaes.com.br\/index.php\/wp-json\/wp\/v2\/users\/1"}],"replies":[{"embeddable":true,"href":"https:\/\/blogdoedvaldomagalhaes.com.br\/index.php\/wp-json\/wp\/v2\/comments?post=132853"}],"version-history":[{"count":1,"href":"https:\/\/blogdoedvaldomagalhaes.com.br\/index.php\/wp-json\/wp\/v2\/posts\/132853\/revisions"}],"predecessor-version":[{"id":132854,"href":"https:\/\/blogdoedvaldomagalhaes.com.br\/index.php\/wp-json\/wp\/v2\/posts\/132853\/revisions\/132854"}],"wp:featuredmedia":[{"embeddable":true,"href":"https:\/\/blogdoedvaldomagalhaes.com.br\/index.php\/wp-json\/wp\/v2\/media\/64930"}],"wp:attachment":[{"href":"https:\/\/blogdoedvaldomagalhaes.com.br\/index.php\/wp-json\/wp\/v2\/media?parent=132853"}],"wp:term":[{"taxonomy":"category","embeddable":true,"href":"https:\/\/blogdoedvaldomagalhaes.com.br\/index.php\/wp-json\/wp\/v2\/categories?post=132853"},{"taxonomy":"post_tag","embeddable":true,"href":"https:\/\/blogdoedvaldomagalhaes.com.br\/index.php\/wp-json\/wp\/v2\/tags?post=132853"}],"curies":[{"name":"wp","href":"https:\/\/api.w.org\/{rel}","templated":true}]}}