{"id":132850,"date":"2026-09-04T20:41:44","date_gmt":"2026-09-04T23:41:44","guid":{"rendered":"https:\/\/blogdoedvaldomagalhaes.com.br\/?p=132850"},"modified":"2026-09-04T23:46:08","modified_gmt":"2026-09-05T02:46:08","slug":"inscricoes-abertas-agendamento-on-line-para-comerciantes-do-caruaru-motofest","status":"publish","type":"post","link":"https:\/\/blogdoedvaldomagalhaes.com.br\/index.php\/2026\/09\/04\/inscricoes-abertas-agendamento-on-line-para-comerciantes-do-caruaru-motofest\/","title":{"rendered":"Inscri\u00e7\u00f5es abertas agendamento on-line para comerciantes do Caruaru Motofest"},"content":{"rendered":"\n<p class=\"wp-block-paragraph\">Os comerciantes interessados em atuar durante o Caruaru Motofest poder\u00e3o realizar o agendamento on-line para ter acesso ao atendimento presencial de cadastro. O procedimento estar\u00e1 dispon\u00edvel na ter\u00e7a-feira (08), das 8h \u00e0s 20h, exclusivamente pelo aplicativo Minha Caruaru.<\/p>\n\n\n\n<p class=\"wp-block-paragraph\">O agendamento ser\u00e1 feito por ordem de inscri\u00e7\u00e3o e ficar\u00e1 dispon\u00edvel enquanto houver vagas. Ap\u00f3s concluir o procedimento, o comerciante receber\u00e1 as informa\u00e7\u00f5es sobre a data e o local em que dever\u00e1 comparecer para realizar o cadastro presencial.<\/p>\n\n\n\n<p class=\"wp-block-paragraph\">Para realizar o agendamento, o interessado dever\u00e1 acessar o Menu do aplicativo, localizado na parte inferior da tela, e selecionar a op\u00e7\u00e3o \u201cCategorias\u201d. Em seguida, dever\u00e1 acessar \u201cEventos\u201d e selecionar \u201cCaruaru Motofest\u201d, onde estar\u00e1 dispon\u00edvel a op\u00e7\u00e3o para cadastro de comerciantes.<\/p>\n\n\n\n<p class=\"wp-block-paragraph\">O evento ser\u00e1 realizado nos dias 17, 18 e 19 de setembro. A Secretaria da Fazenda de Caruaru orienta os interessados a realizarem o agendamento dentro do per\u00edodo estabelecido, tendo em vista que ele \u00e9 obrigat\u00f3rio para o atendimento presencial e a conclus\u00e3o do cadastro.  <br>Siga o nosso Instagram @portaledivaldomagalhaes<br>Foto: Divulga\u00e7\u00e3o <\/p>\n","protected":false},"excerpt":{"rendered":"<p>Os comerciantes interessados em atuar durante o Caruaru Motofest poder\u00e3o realizar o agendamento on-line para ter acesso ao atendimento presencial&hellip;<\/p>\n","protected":false},"author":1,"featured_media":132852,"comment_status":"closed","ping_status":"open","sticky":false,"template":"","format":"standard","meta":{"footnotes":""},"categories":[21063],"tags":[13146,37305,36989],"class_list":["post-132850","post","type-post","status-publish","format-standard","has-post-thumbnail","hentry","category-utilidade-publica","tag-blog-edvaldo-magalhaes","tag-caruaru-motofest","tag-portal-edivaldo-magalhaes"],"_links":{"self":[{"href":"https:\/\/blogdoedvaldomagalhaes.com.br\/index.php\/wp-json\/wp\/v2\/posts\/132850","targetHints":{"allow":["GET"]}}],"collection":[{"href":"https:\/\/blogdoedvaldomagalhaes.com.br\/index.php\/wp-json\/wp\/v2\/posts"}],"about":[{"href":"https:\/\/blogdoedvaldomagalhaes.com.br\/index.php\/wp-json\/wp\/v2\/types\/post"}],"author":[{"embeddable":true,"href":"https:\/\/blogdoedvaldomagalhaes.com.br\/index.php\/wp-json\/wp\/v2\/users\/1"}],"replies":[{"embeddable":true,"href":"https:\/\/blogdoedvaldomagalhaes.com.br\/index.php\/wp-json\/wp\/v2\/comments?post=132850"}],"version-history":[{"count":1,"href":"https:\/\/blogdoedvaldomagalhaes.com.br\/index.php\/wp-json\/wp\/v2\/posts\/132850\/revisions"}],"predecessor-version":[{"id":132851,"href":"https:\/\/blogdoedvaldomagalhaes.com.br\/index.php\/wp-json\/wp\/v2\/posts\/132850\/revisions\/132851"}],"wp:featuredmedia":[{"embeddable":true,"href":"https:\/\/blogdoedvaldomagalhaes.com.br\/index.php\/wp-json\/wp\/v2\/media\/132852"}],"wp:attachment":[{"href":"https:\/\/blogdoedvaldomagalhaes.com.br\/index.php\/wp-json\/wp\/v2\/media?parent=132850"}],"wp:term":[{"taxonomy":"category","embeddable":true,"href":"https:\/\/blogdoedvaldomagalhaes.com.br\/index.php\/wp-json\/wp\/v2\/categories?post=132850"},{"taxonomy":"post_tag","embeddable":true,"href":"https:\/\/blogdoedvaldomagalhaes.com.br\/index.php\/wp-json\/wp\/v2\/tags?post=132850"}],"curies":[{"name":"wp","href":"https:\/\/api.w.org\/{rel}","templated":true}]}}