{"id":132840,"date":"2026-09-04T20:10:48","date_gmt":"2026-09-04T23:10:48","guid":{"rendered":"https:\/\/blogdoedvaldomagalhaes.com.br\/?p=132840"},"modified":"2026-09-04T20:10:48","modified_gmt":"2026-09-04T23:10:48","slug":"programa-minha-rua-nova-mais-de-20-ruas-estao-sendo-pavimentadas-no-jose-carlos-de-oliveira","status":"publish","type":"post","link":"https:\/\/blogdoedvaldomagalhaes.com.br\/index.php\/2026\/09\/04\/programa-minha-rua-nova-mais-de-20-ruas-estao-sendo-pavimentadas-no-jose-carlos-de-oliveira\/","title":{"rendered":"Programa &#8220;Minha Rua Nova&#8221;: Mais de 20 ruas est\u00e3o sendo pavimentadas no Jos\u00e9 Carlos de Oliveira"},"content":{"rendered":"\n<p class=\"wp-block-paragraph\">O bairro Jos\u00e9 Carlos de Oliveira est\u00e1 recebendo novas obras de infraestrutura por meio do programa &#8220;Minha Rua Nova&#8221;. Ao todo, 23 ruas est\u00e3o sendo pavimentadas com investimento de mais de R$ 8,6 milh\u00f5es. As a\u00e7\u00f5es s\u00e3o realizadas pela Prefeitura de Caruaru e pelo Governo de Pernambuco, ampliando as melhorias de mobilidade.<\/p>\n\n\n\n<p class=\"wp-block-paragraph\">Pela Prefeitura de Caruaru, s\u00e3o 15 vias contempladas com obras que incluem pavimenta\u00e7\u00e3o (algumas ruas em paralelep\u00edpedo e outras em intertravado), drenagem e cal\u00e7adas acess\u00edveis. Mais 8 ruas est\u00e3o sendo pavimentadas pelo Governo de Pernambuco, contemplando 2,4 km de vias com pavimenta\u00e7\u00e3o em paralelep\u00edpedo e sinaliza\u00e7\u00e3o vi\u00e1ria.<\/p>\n\n\n\n<p class=\"wp-block-paragraph\">Eronildo Batista mora na Rua \u00c9dson Oliveira e destaca a mudan\u00e7a que a pavimenta\u00e7\u00e3o vai trazer para o dia a dia de quem vive no Jos\u00e9 Carlos de Oliveira. \u201cA situa\u00e7\u00e3o daqui era prec\u00e1ria, na chuva era lama e no ver\u00e3o poeira. Agora com o cal\u00e7amento vai ficar bom demais, gra\u00e7as a Deus vai sair\u201d, comemorou.<\/p>\n\n\n\n<p class=\"wp-block-paragraph\"><em>Ruas contempladas<\/em><\/p>\n\n\n\n<ul class=\"wp-block-list\">\n<li>Prefeitura de Caruaru<br>Rua Geraldo Leonel da Silva<br>Rua Inoc\u00eancio Leonel da Silva<br>Rua Cl\u00e1udio Coutinho<br>Rua Gercino Vitalino dos Santos<br>Rua Abenildo Barbosa Galdino<br>Rua \u00c9dson Oliveira<br>Rua Jos\u00e9 Carlos Maca\u00e9<br>Rua Ant\u00f4nio Augusto Guedes<br>Rua Jos\u00e9 Lu\u00eds<br>Avenida Osvaldo Annes<br>Rua Projetada 01<br>Rua Expedito Gon\u00e7alves Monteiro<br>Rua Martins de Souza<br>Rua Manoel Gomes Filho<br>Rua Carlos Alberto Barbosa<\/li>\n\n\n\n<li>Governo de Pernambuco<br>Rua Marivaldo Jos\u00e9 da Costa<br>Rua J\u00fapiter<br>Rua Maria Ten\u00f3rio<br>Rua V\u00eanus<br>Rua Jo\u00e3o Martins Neto<br>Rua Reginaldo Fran\u00e7a<br>Rua Maria Tereza<br>Rua Jo\u00e3o Francisco da Silva.  <br>Foto: Jorge Farias.  <br>Siga o nosso Instagram @portaledivaldomagalhaes<\/li>\n<\/ul>\n","protected":false},"excerpt":{"rendered":"<p>O bairro Jos\u00e9 Carlos de Oliveira est\u00e1 recebendo novas obras de infraestrutura por meio do programa &#8220;Minha Rua Nova&#8221;. Ao&hellip;<\/p>\n","protected":false},"author":1,"featured_media":132841,"comment_status":"closed","ping_status":"open","sticky":false,"template":"","format":"standard","meta":{"footnotes":""},"categories":[14120],"tags":[1618,27410,13146,36989,37318],"class_list":["post-132840","post","type-post","status-publish","format-standard","has-post-thumbnail","hentry","category-noticias","tag-bairro-jose-carlos-de-oliveira","tag-blog-de-caruaru","tag-blog-edvaldo-magalhaes","tag-portal-edivaldo-magalhaes","tag-programa-minha-rua-nova"],"_links":{"self":[{"href":"https:\/\/blogdoedvaldomagalhaes.com.br\/index.php\/wp-json\/wp\/v2\/posts\/132840","targetHints":{"allow":["GET"]}}],"collection":[{"href":"https:\/\/blogdoedvaldomagalhaes.com.br\/index.php\/wp-json\/wp\/v2\/posts"}],"about":[{"href":"https:\/\/blogdoedvaldomagalhaes.com.br\/index.php\/wp-json\/wp\/v2\/types\/post"}],"author":[{"embeddable":true,"href":"https:\/\/blogdoedvaldomagalhaes.com.br\/index.php\/wp-json\/wp\/v2\/users\/1"}],"replies":[{"embeddable":true,"href":"https:\/\/blogdoedvaldomagalhaes.com.br\/index.php\/wp-json\/wp\/v2\/comments?post=132840"}],"version-history":[{"count":1,"href":"https:\/\/blogdoedvaldomagalhaes.com.br\/index.php\/wp-json\/wp\/v2\/posts\/132840\/revisions"}],"predecessor-version":[{"id":132842,"href":"https:\/\/blogdoedvaldomagalhaes.com.br\/index.php\/wp-json\/wp\/v2\/posts\/132840\/revisions\/132842"}],"wp:featuredmedia":[{"embeddable":true,"href":"https:\/\/blogdoedvaldomagalhaes.com.br\/index.php\/wp-json\/wp\/v2\/media\/132841"}],"wp:attachment":[{"href":"https:\/\/blogdoedvaldomagalhaes.com.br\/index.php\/wp-json\/wp\/v2\/media?parent=132840"}],"wp:term":[{"taxonomy":"category","embeddable":true,"href":"https:\/\/blogdoedvaldomagalhaes.com.br\/index.php\/wp-json\/wp\/v2\/categories?post=132840"},{"taxonomy":"post_tag","embeddable":true,"href":"https:\/\/blogdoedvaldomagalhaes.com.br\/index.php\/wp-json\/wp\/v2\/tags?post=132840"}],"curies":[{"name":"wp","href":"https:\/\/api.w.org\/{rel}","templated":true}]}}