{"id":132837,"date":"2026-09-04T20:03:25","date_gmt":"2026-09-04T23:03:25","guid":{"rendered":"https:\/\/blogdoedvaldomagalhaes.com.br\/?p=132837"},"modified":"2026-09-04T20:03:25","modified_gmt":"2026-09-04T23:03:25","slug":"guarda-municipal-de-caruaru-conduz-suspeita-a-delegacia-apos-furto-em-loja-no-marco-zero","status":"publish","type":"post","link":"https:\/\/blogdoedvaldomagalhaes.com.br\/index.php\/2026\/09\/04\/guarda-municipal-de-caruaru-conduz-suspeita-a-delegacia-apos-furto-em-loja-no-marco-zero\/","title":{"rendered":"Guarda Municipal de Caruaru conduz suspeita \u00e0 delegacia ap\u00f3s furto em loja no Marco Zero"},"content":{"rendered":"\n<p class=\"wp-block-paragraph\">A Guarda Municipal de Caruaru foi acionada, na tarde desta sexta-feira (4), ap\u00f3s a ocorr\u00eancia de um furto em uma loja comercial localizada na Travessa 7 de Setembro, nas proximidades do Marco Zero. Ao chegarem ao estabelecimento, os agentes encontraram a suspeita j\u00e1 detida pelos funcion\u00e1rios.<\/p>\n\n\n\n<p class=\"wp-block-paragraph\">Segundo relatos, imagens das c\u00e2meras de seguran\u00e7a foram apresentadas \u00e0 equipe e apontariam a ocorr\u00eancia de outros furtos no estabelecimento. A suspeita teria confessado o furto e relatado tamb\u00e9m outros delitos.<\/p>\n\n\n\n<p class=\"wp-block-paragraph\">Durante a ocorr\u00eancia, a Guarda Municipal realizou os procedimentos necess\u00e1rios e acionou o Servi\u00e7o de Atendimento M\u00f3vel de Urg\u00eancia (Samu) ap\u00f3s ela informar que havia passado recentemente por uma cirurgia. Ap\u00f3s avalia\u00e7\u00e3o, foi informado que n\u00e3o havia necessidade de encaminhamento hospitalar.<\/p>\n\n\n\n<p class=\"wp-block-paragraph\">A mulher foi conduzida \u00e0 Delegacia de Pol\u00edcia Civil para ado\u00e7\u00e3o das medidas cab\u00edveis.  <br>Siga o nosso Instagram @portaledivaldomagalhaes     <br>Foto: Divulga\u00e7\u00e3o <\/p>\n\n\n\n<p class=\"wp-block-paragraph\"><\/p>\n","protected":false},"excerpt":{"rendered":"<p>A Guarda Municipal de Caruaru foi acionada, na tarde desta sexta-feira (4), ap\u00f3s a ocorr\u00eancia de um furto em uma&hellip;<\/p>\n","protected":false},"author":1,"featured_media":132838,"comment_status":"closed","ping_status":"open","sticky":false,"template":"","format":"standard","meta":{"footnotes":""},"categories":[14121],"tags":[13146,13991,36989],"class_list":["post-132837","post","type-post","status-publish","format-standard","has-post-thumbnail","hentry","category-policial","tag-blog-edvaldo-magalhaes","tag-guarda-municipal-de-caruaru","tag-portal-edivaldo-magalhaes"],"_links":{"self":[{"href":"https:\/\/blogdoedvaldomagalhaes.com.br\/index.php\/wp-json\/wp\/v2\/posts\/132837","targetHints":{"allow":["GET"]}}],"collection":[{"href":"https:\/\/blogdoedvaldomagalhaes.com.br\/index.php\/wp-json\/wp\/v2\/posts"}],"about":[{"href":"https:\/\/blogdoedvaldomagalhaes.com.br\/index.php\/wp-json\/wp\/v2\/types\/post"}],"author":[{"embeddable":true,"href":"https:\/\/blogdoedvaldomagalhaes.com.br\/index.php\/wp-json\/wp\/v2\/users\/1"}],"replies":[{"embeddable":true,"href":"https:\/\/blogdoedvaldomagalhaes.com.br\/index.php\/wp-json\/wp\/v2\/comments?post=132837"}],"version-history":[{"count":1,"href":"https:\/\/blogdoedvaldomagalhaes.com.br\/index.php\/wp-json\/wp\/v2\/posts\/132837\/revisions"}],"predecessor-version":[{"id":132839,"href":"https:\/\/blogdoedvaldomagalhaes.com.br\/index.php\/wp-json\/wp\/v2\/posts\/132837\/revisions\/132839"}],"wp:featuredmedia":[{"embeddable":true,"href":"https:\/\/blogdoedvaldomagalhaes.com.br\/index.php\/wp-json\/wp\/v2\/media\/132838"}],"wp:attachment":[{"href":"https:\/\/blogdoedvaldomagalhaes.com.br\/index.php\/wp-json\/wp\/v2\/media?parent=132837"}],"wp:term":[{"taxonomy":"category","embeddable":true,"href":"https:\/\/blogdoedvaldomagalhaes.com.br\/index.php\/wp-json\/wp\/v2\/categories?post=132837"},{"taxonomy":"post_tag","embeddable":true,"href":"https:\/\/blogdoedvaldomagalhaes.com.br\/index.php\/wp-json\/wp\/v2\/tags?post=132837"}],"curies":[{"name":"wp","href":"https:\/\/api.w.org\/{rel}","templated":true}]}}