{"id":132834,"date":"2026-09-04T19:37:41","date_gmt":"2026-09-04T22:37:41","guid":{"rendered":"https:\/\/blogdoedvaldomagalhaes.com.br\/?p=132834"},"modified":"2026-09-04T19:37:41","modified_gmt":"2026-09-04T22:37:41","slug":"sao-joaquim-do-monte-recebe-neste-fim-de-semana-a-33a-romaria-do-veneravel-frei-damiao","status":"publish","type":"post","link":"https:\/\/blogdoedvaldomagalhaes.com.br\/index.php\/2026\/09\/04\/sao-joaquim-do-monte-recebe-neste-fim-de-semana-a-33a-romaria-do-veneravel-frei-damiao\/","title":{"rendered":"S\u00c3O JOAQUIM DO MONTE RECEBE NESTE FIM DE SEMANA A 33\u00aa ROMARIA DO VENER\u00c1VEL FREI DAMI\u00c3O"},"content":{"rendered":"\n<p class=\"wp-block-paragraph\">S\u00e3o Joaquim do Monte vive neste fim de semana um dos momentos mais importantes do calend\u00e1rio religioso de Pernambuco. A cidade recebe milhares de devotos para a 33\u00aa Romaria do Vener\u00e1vel Frei Dami\u00e3o, uma das maiores manifesta\u00e7\u00f5es de f\u00e9 e religiosidade popular do Estado.<\/p>\n\n\n\n<p class=\"wp-block-paragraph\">A programa\u00e7\u00e3o, que teve in\u00edcio nesta quinta-feira (3), segue at\u00e9 o pr\u00f3ximo domingo (6), reunindo romeiros vindos de diferentes munic\u00edpios de Pernambuco e de outros estados do Nordeste.<\/p>\n\n\n\n<p class=\"wp-block-paragraph\">Durante quatro dias, S\u00e3o Joaquim do Monte se transforma em um grande territ\u00f3rio de f\u00e9, ora\u00e7\u00e3o e devo\u00e7\u00e3o. A Romaria re\u00fane missas, prociss\u00f5es, confiss\u00f5es, adora\u00e7\u00e3o, ter\u00e7os, caminhadas, momentos de evangeliza\u00e7\u00e3o e apresenta\u00e7\u00f5es religiosas.<\/p>\n\n\n\n<p class=\"wp-block-paragraph\">Com o tema \u201cO povo precisa que lhes falem de Deus com o cora\u00e7\u00e3o\u201d, a 33\u00aa edi\u00e7\u00e3o celebra uma tradi\u00e7\u00e3o constru\u00edda ao longo de mais de tr\u00eas d\u00e9cadas e mant\u00e9m viva a devo\u00e7\u00e3o ao Vener\u00e1vel Frei Dami\u00e3o.<\/p>\n\n\n\n<p class=\"wp-block-paragraph\">A movimenta\u00e7\u00e3o de romeiros e caravanas j\u00e1 toma conta da cidade. Para muitos devotos, a Romaria representa o momento de renovar a f\u00e9, cumprir promessas, agradecer pelas gra\u00e7as alcan\u00e7adas e reencontrar uma tradi\u00e7\u00e3o transmitida de gera\u00e7\u00e3o em gera\u00e7\u00e3o.<\/p>\n\n\n\n<p class=\"wp-block-paragraph\"><em>FIM DE SEMANA DE F\u00c9 E DEVO\u00c7\u00c3O E EMO\u00c7\u00c3O<\/em><\/p>\n\n\n\n<p class=\"wp-block-paragraph\">Nesta sexta-feira (4), um dos momentos de destaque da programa\u00e7\u00e3o \u00e9 a 13\u00aa Caminhada da F\u00e9, reunindo devotos em um percurso marcado pela ora\u00e7\u00e3o, pelas promessas e pelas demonstra\u00e7\u00f5es de f\u00e9 at\u00e9 a chegada a S\u00e3o Joaquim do Monte.<\/p>\n\n\n\n<p class=\"wp-block-paragraph\">O s\u00e1bado (5) ter\u00e1 uma programa\u00e7\u00e3o intensa de celebra\u00e7\u00f5es e atividades religiosas, al\u00e9m de momentos de evangeliza\u00e7\u00e3o que devem reunir milhares de pessoas.<\/p>\n\n\n\n<p class=\"wp-block-paragraph\">J\u00e1 o domingo (6), considerado o grande dia da Romaria, ser\u00e1 marcado pela chegada das caravanas, celebra\u00e7\u00f5es eucar\u00edsticas e pela tradicional Grande Prociss\u00e3o dos Romeiros, um dos momentos mais esperados do evento.<\/p>\n\n\n\n<p class=\"wp-block-paragraph\">Ao longo do fim de semana, a cidade recebe uma intensa movimenta\u00e7\u00e3o de visitantes, transformando ruas, igrejas e o entorno do Cruzeiro de Frei Dami\u00e3o em espa\u00e7os de ora\u00e7\u00e3o e manifesta\u00e7\u00e3o da f\u00e9 popular.<\/p>\n\n\n\n<p class=\"wp-block-paragraph\"><em>TRADI\u00c7\u00c3O QUE ATRAVESSA GERA\u00c7\u00d5ES<\/em><\/p>\n\n\n\n<p class=\"wp-block-paragraph\">Realizada h\u00e1 mais de tr\u00eas d\u00e9cadas, a Romaria do Vener\u00e1vel Frei Dami\u00e3o se consolidou como um dos principais eventos de turismo religioso de Pernambuco.<\/p>\n\n\n\n<p class=\"wp-block-paragraph\">A hist\u00f3ria da manifesta\u00e7\u00e3o est\u00e1 ligada ao Padre Pedro Ant\u00f4nio Filho, idealizador da Romaria, e \u00e0 presen\u00e7a do pr\u00f3prio Frei Dami\u00e3o nas primeiras edi\u00e7\u00f5es do evento.<\/p>\n\n\n\n<p class=\"wp-block-paragraph\">Ao longo dos anos, a tradi\u00e7\u00e3o cresceu, ultrapassou as fronteiras do munic\u00edpio e passou a atrair milhares de pessoas todos os anos para S\u00e3o Joaquim do Monte.<\/p>\n\n\n\n<p class=\"wp-block-paragraph\">Mais do que uma programa\u00e7\u00e3o religiosa, a Romaria \u00e9 um encontro de hist\u00f3rias, promessas e esperan\u00e7a. S\u00e3o pessoas que percorrem longas dist\u00e2ncias para viver uma experi\u00eancia de f\u00e9 que transforma a cidade e re\u00fane diferentes gera\u00e7\u00f5es.<\/p>\n\n\n\n<p class=\"wp-block-paragraph\">Neste fim de semana, S\u00e3o Joaquim do Monte volta a ser a Terra da Romaria. Uma cidade inteira em ora\u00e7\u00e3o para receber milhares de pessoas movidas por uma mesma for\u00e7a: a f\u00e9.<\/p>\n\n\n\n<p class=\"wp-block-paragraph\"><em>S\u00c3O JOAQUIM DO MONTE RECEBE NESTE FIM DE SEMANA A 33\u00aa ROMARIA DO VENER\u00c1VEL FREI DAMI\u00c3O<\/em><br><em>Um dos maiores eventos de f\u00e9 e religiosidade popular de Pernambuco re\u00fane milhares de romeiros at\u00e9 domingo (6), com prociss\u00f5es, missas, caminhada, shows de evangeliza\u00e7\u00e3o e grandes celebra\u00e7\u00f5es<\/em><\/p>\n\n\n\n<p class=\"wp-block-paragraph\">S\u00c3O JOAQUIM DO MONTE (PE) \u2014 S\u00e3o Joaquim do Monte vive neste fim de semana um dos momentos mais importantes do calend\u00e1rio religioso de Pernambuco. A cidade recebe milhares de devotos para a 33\u00aa Romaria do Vener\u00e1vel Frei Dami\u00e3o, uma das maiores manifesta\u00e7\u00f5es de f\u00e9 e religiosidade popular do Estado.<\/p>\n\n\n\n<p class=\"wp-block-paragraph\">A programa\u00e7\u00e3o, que teve in\u00edcio nesta quinta-feira (3), segue at\u00e9 o pr\u00f3ximo domingo (6), reunindo romeiros vindos de diferentes munic\u00edpios de Pernambuco e de outros estados do Nordeste.<\/p>\n\n\n\n<p class=\"wp-block-paragraph\">Durante quatro dias, S\u00e3o Joaquim do Monte se transforma em um grande territ\u00f3rio de f\u00e9, ora\u00e7\u00e3o e devo\u00e7\u00e3o. A Romaria re\u00fane missas, prociss\u00f5es, confiss\u00f5es, adora\u00e7\u00e3o, ter\u00e7os, caminhadas, momentos de evangeliza\u00e7\u00e3o e apresenta\u00e7\u00f5es religiosas.<\/p>\n\n\n\n<p class=\"wp-block-paragraph\">Com o tema \u201cO povo precisa que lhes falem de Deus com o cora\u00e7\u00e3o\u201d, a 33\u00aa edi\u00e7\u00e3o celebra uma tradi\u00e7\u00e3o constru\u00edda ao longo de mais de tr\u00eas d\u00e9cadas e mant\u00e9m viva a devo\u00e7\u00e3o ao Vener\u00e1vel Frei Dami\u00e3o.<\/p>\n\n\n\n<p class=\"wp-block-paragraph\">A movimenta\u00e7\u00e3o de romeiros e caravanas j\u00e1 toma conta da cidade. Para muitos devotos, a Romaria representa o momento de renovar a f\u00e9, cumprir promessas, agradecer pelas gra\u00e7as alcan\u00e7adas e reencontrar uma tradi\u00e7\u00e3o transmitida de gera\u00e7\u00e3o em gera\u00e7\u00e3o.<\/p>\n\n\n\n<p class=\"wp-block-paragraph\"><em>FIM DE SEMANA DE F\u00c9 E DEVO\u00c7\u00c3O E EMO\u00c7\u00c3O<\/em><\/p>\n\n\n\n<p class=\"wp-block-paragraph\">Nesta sexta-feira (4), um dos momentos de destaque da programa\u00e7\u00e3o \u00e9 a 13\u00aa Caminhada da F\u00e9, reunindo devotos em um percurso marcado pela ora\u00e7\u00e3o, pelas promessas e pelas demonstra\u00e7\u00f5es de f\u00e9 at\u00e9 a chegada a S\u00e3o Joaquim do Monte.<\/p>\n\n\n\n<p class=\"wp-block-paragraph\">O s\u00e1bado (5) ter\u00e1 uma programa\u00e7\u00e3o intensa de celebra\u00e7\u00f5es e atividades religiosas, al\u00e9m de momentos de evangeliza\u00e7\u00e3o que devem reunir milhares de pessoas.<\/p>\n\n\n\n<p class=\"wp-block-paragraph\">J\u00e1 o domingo (6), considerado o grande dia da Romaria, ser\u00e1 marcado pela chegada das caravanas, celebra\u00e7\u00f5es eucar\u00edsticas e pela tradicional Grande Prociss\u00e3o dos Romeiros, um dos momentos mais esperados do evento.<\/p>\n\n\n\n<p class=\"wp-block-paragraph\">Ao longo do fim de semana, a cidade recebe uma intensa movimenta\u00e7\u00e3o de visitantes, transformando ruas, igrejas e o entorno do Cruzeiro de Frei Dami\u00e3o em espa\u00e7os de ora\u00e7\u00e3o e manifesta\u00e7\u00e3o da f\u00e9 popular.<\/p>\n\n\n\n<p class=\"wp-block-paragraph\"><em>TRADI\u00c7\u00c3O QUE ATRAVESSA GERA\u00c7\u00d5ES<\/em><\/p>\n\n\n\n<p class=\"wp-block-paragraph\">Realizada h\u00e1 mais de tr\u00eas d\u00e9cadas, a Romaria do Vener\u00e1vel Frei Dami\u00e3o se consolidou como um dos principais eventos de turismo religioso de Pernambuco.<\/p>\n\n\n\n<p class=\"wp-block-paragraph\">A hist\u00f3ria da manifesta\u00e7\u00e3o est\u00e1 ligada ao Padre Pedro Ant\u00f4nio Filho, idealizador da Romaria, e \u00e0 presen\u00e7a do pr\u00f3prio Frei Dami\u00e3o nas primeiras edi\u00e7\u00f5es do evento.<\/p>\n\n\n\n<p class=\"wp-block-paragraph\">Ao longo dos anos, a tradi\u00e7\u00e3o cresceu, ultrapassou as fronteiras do munic\u00edpio e passou a atrair milhares de pessoas todos os anos para S\u00e3o Joaquim do Monte.<\/p>\n\n\n\n<p class=\"wp-block-paragraph\">Mais do que uma programa\u00e7\u00e3o religiosa, a Romaria \u00e9 um encontro de hist\u00f3rias, promessas e esperan\u00e7a. S\u00e3o pessoas que percorrem longas dist\u00e2ncias para viver uma experi\u00eancia de f\u00e9 que transforma a cidade e re\u00fane diferentes gera\u00e7\u00f5es.<\/p>\n\n\n\n<p class=\"wp-block-paragraph\">Neste fim de semana, S\u00e3o Joaquim do Monte volta a ser a Terra da Romaria. Uma cidade inteira em ora\u00e7\u00e3o para receber milhares de pessoas movidas por uma mesma for\u00e7a: a f\u00e9.<br><em>Um dos maiores eventos de f\u00e9 e religiosidade popular de Pernambuco re\u00fane milhares de romeiros at\u00e9 domingo (6), com prociss\u00f5es, missas, caminhada, shows de evangeliza\u00e7\u00e3o e grandes celebra\u00e7\u00f5es<\/em><\/p>\n\n\n\n<p class=\"wp-block-paragraph\">S\u00c3O JOAQUIM DO MONTE (PE) \u2014 S\u00e3o Joaquim do Monte vive neste fim de semana um dos momentos mais importantes do calend\u00e1rio religioso de Pernambuco. A cidade recebe milhares de devotos para a 33\u00aa Romaria do Vener\u00e1vel Frei Dami\u00e3o, uma das maiores manifesta\u00e7\u00f5es de f\u00e9 e religiosidade popular do Estado.<\/p>\n\n\n\n<p class=\"wp-block-paragraph\">A programa\u00e7\u00e3o, que teve in\u00edcio nesta quinta-feira (3), segue at\u00e9 o pr\u00f3ximo domingo (6), reunindo romeiros vindos de diferentes munic\u00edpios de Pernambuco e de outros estados do Nordeste.<\/p>\n\n\n\n<p class=\"wp-block-paragraph\">Durante quatro dias, S\u00e3o Joaquim do Monte se transforma em um grande territ\u00f3rio de f\u00e9, ora\u00e7\u00e3o e devo\u00e7\u00e3o. A Romaria re\u00fane missas, prociss\u00f5es, confiss\u00f5es, adora\u00e7\u00e3o, ter\u00e7os, caminhadas, momentos de evangeliza\u00e7\u00e3o e apresenta\u00e7\u00f5es religiosas.<\/p>\n\n\n\n<p class=\"wp-block-paragraph\">Com o tema \u201cO povo precisa que lhes falem de Deus com o cora\u00e7\u00e3o\u201d, a 33\u00aa edi\u00e7\u00e3o celebra uma tradi\u00e7\u00e3o constru\u00edda ao longo de mais de tr\u00eas d\u00e9cadas e mant\u00e9m viva a devo\u00e7\u00e3o ao Vener\u00e1vel Frei Dami\u00e3o.<\/p>\n\n\n\n<p class=\"wp-block-paragraph\">A movimenta\u00e7\u00e3o de romeiros e caravanas j\u00e1 toma conta da cidade. Para muitos devotos, a Romaria representa o momento de renovar a f\u00e9, cumprir promessas, agradecer pelas gra\u00e7as alcan\u00e7adas e reencontrar uma tradi\u00e7\u00e3o transmitida de gera\u00e7\u00e3o em gera\u00e7\u00e3o.<\/p>\n\n\n\n<p class=\"wp-block-paragraph\"><em>FIM DE SEMANA DE F\u00c9 E DEVO\u00c7\u00c3O E EMO\u00c7\u00c3O<\/em><\/p>\n\n\n\n<p class=\"wp-block-paragraph\">Nesta sexta-feira (4), um dos momentos de destaque da programa\u00e7\u00e3o \u00e9 a 13\u00aa Caminhada da F\u00e9, reunindo devotos em um percurso marcado pela ora\u00e7\u00e3o, pelas promessas e pelas demonstra\u00e7\u00f5es de f\u00e9 at\u00e9 a chegada a S\u00e3o Joaquim do Monte.<\/p>\n\n\n\n<p class=\"wp-block-paragraph\">O s\u00e1bado (5) ter\u00e1 uma programa\u00e7\u00e3o intensa de celebra\u00e7\u00f5es e atividades religiosas, al\u00e9m de momentos de evangeliza\u00e7\u00e3o que devem reunir milhares de pessoas.<\/p>\n\n\n\n<p class=\"wp-block-paragraph\">J\u00e1 o domingo (6), considerado o grande dia da Romaria, ser\u00e1 marcado pela chegada das caravanas, celebra\u00e7\u00f5es eucar\u00edsticas e pela tradicional Grande Prociss\u00e3o dos Romeiros, um dos momentos mais esperados do evento.<\/p>\n\n\n\n<p class=\"wp-block-paragraph\">Ao longo do fim de semana, a cidade recebe uma intensa movimenta\u00e7\u00e3o de visitantes, transformando ruas, igrejas e o entorno do Cruzeiro de Frei Dami\u00e3o em espa\u00e7os de ora\u00e7\u00e3o e manifesta\u00e7\u00e3o da f\u00e9 popular.<\/p>\n\n\n\n<p class=\"wp-block-paragraph\"><em>TRADI\u00c7\u00c3O QUE ATRAVESSA GERA\u00c7\u00d5ES<\/em><\/p>\n\n\n\n<p class=\"wp-block-paragraph\">Realizada h\u00e1 mais de tr\u00eas d\u00e9cadas, a Romaria do Vener\u00e1vel Frei Dami\u00e3o se consolidou como um dos principais eventos de turismo religioso de Pernambuco.<\/p>\n\n\n\n<p class=\"wp-block-paragraph\">A hist\u00f3ria da manifesta\u00e7\u00e3o est\u00e1 ligada ao Padre Pedro Ant\u00f4nio Filho, idealizador da Romaria, e \u00e0 presen\u00e7a do pr\u00f3prio Frei Dami\u00e3o nas primeiras edi\u00e7\u00f5es do evento.<\/p>\n\n\n\n<p class=\"wp-block-paragraph\">Ao longo dos anos, a tradi\u00e7\u00e3o cresceu, ultrapassou as fronteiras do munic\u00edpio e passou a atrair milhares de pessoas todos os anos para S\u00e3o Joaquim do Monte.<\/p>\n\n\n\n<p class=\"wp-block-paragraph\">Mais do que uma programa\u00e7\u00e3o religiosa, a Romaria \u00e9 um encontro de hist\u00f3rias, promessas e esperan\u00e7a. S\u00e3o pessoas que percorrem longas dist\u00e2ncias para viver uma experi\u00eancia de f\u00e9 que transforma a cidade e re\u00fane diferentes gera\u00e7\u00f5es.<\/p>\n\n\n\n<p class=\"wp-block-paragraph\">Neste fim de semana, S\u00e3o Joaquim do Monte volta a ser a Terra da Romaria. Uma cidade inteira em ora\u00e7\u00e3o para receber milhares de pessoas movidas por uma mesma for\u00e7a: a f\u00e9.  <br>Siga o nosso Instagram @portaledivaldomagalhaes<br>Foto: Divulga\u00e7\u00e3o <\/p>\n","protected":false},"excerpt":{"rendered":"<p>S\u00e3o Joaquim do Monte vive neste fim de semana um dos momentos mais importantes do calend\u00e1rio religioso de Pernambuco. A&hellip;<\/p>\n","protected":false},"author":1,"featured_media":132835,"comment_status":"closed","ping_status":"open","sticky":false,"template":"","format":"standard","meta":{"footnotes":""},"categories":[14120],"tags":[13146,36989,37127,4242],"class_list":["post-132834","post","type-post","status-publish","format-standard","has-post-thumbnail","hentry","category-noticias","tag-blog-edvaldo-magalhaes","tag-portal-edivaldo-magalhaes","tag-romaria-do-veneravel-frei-damiao","tag-sao-joaquim-do-monte"],"_links":{"self":[{"href":"https:\/\/blogdoedvaldomagalhaes.com.br\/index.php\/wp-json\/wp\/v2\/posts\/132834","targetHints":{"allow":["GET"]}}],"collection":[{"href":"https:\/\/blogdoedvaldomagalhaes.com.br\/index.php\/wp-json\/wp\/v2\/posts"}],"about":[{"href":"https:\/\/blogdoedvaldomagalhaes.com.br\/index.php\/wp-json\/wp\/v2\/types\/post"}],"author":[{"embeddable":true,"href":"https:\/\/blogdoedvaldomagalhaes.com.br\/index.php\/wp-json\/wp\/v2\/users\/1"}],"replies":[{"embeddable":true,"href":"https:\/\/blogdoedvaldomagalhaes.com.br\/index.php\/wp-json\/wp\/v2\/comments?post=132834"}],"version-history":[{"count":1,"href":"https:\/\/blogdoedvaldomagalhaes.com.br\/index.php\/wp-json\/wp\/v2\/posts\/132834\/revisions"}],"predecessor-version":[{"id":132836,"href":"https:\/\/blogdoedvaldomagalhaes.com.br\/index.php\/wp-json\/wp\/v2\/posts\/132834\/revisions\/132836"}],"wp:featuredmedia":[{"embeddable":true,"href":"https:\/\/blogdoedvaldomagalhaes.com.br\/index.php\/wp-json\/wp\/v2\/media\/132835"}],"wp:attachment":[{"href":"https:\/\/blogdoedvaldomagalhaes.com.br\/index.php\/wp-json\/wp\/v2\/media?parent=132834"}],"wp:term":[{"taxonomy":"category","embeddable":true,"href":"https:\/\/blogdoedvaldomagalhaes.com.br\/index.php\/wp-json\/wp\/v2\/categories?post=132834"},{"taxonomy":"post_tag","embeddable":true,"href":"https:\/\/blogdoedvaldomagalhaes.com.br\/index.php\/wp-json\/wp\/v2\/tags?post=132834"}],"curies":[{"name":"wp","href":"https:\/\/api.w.org\/{rel}","templated":true}]}}