{"id":132832,"date":"2026-09-04T18:48:12","date_gmt":"2026-09-04T21:48:12","guid":{"rendered":"https:\/\/blogdoedvaldomagalhaes.com.br\/?p=132832"},"modified":"2026-09-04T20:36:55","modified_gmt":"2026-09-04T23:36:55","slug":"amc-interdita-vias-para-o-desfile-de-7-de-setembro-em-caruaru","status":"publish","type":"post","link":"https:\/\/blogdoedvaldomagalhaes.com.br\/index.php\/2026\/09\/04\/amc-interdita-vias-para-o-desfile-de-7-de-setembro-em-caruaru\/","title":{"rendered":"AMC interdita vias para o desfile de 7 de Setembro em Caruaru"},"content":{"rendered":"\n<p class=\"wp-block-paragraph\"><\/p>\n\n\n\n<p class=\"wp-block-paragraph\">O tr\u00e2nsito na \u00e1rea central de Caruaru vai passar por altera\u00e7\u00f5es para a realiza\u00e7\u00e3o do desfile c\u00edvico de 7 de Setembro. As mudan\u00e7as, realizadas pela Autarquia de Mobilidade de Caruaru (AMC), ter\u00e3o in\u00edcio no s\u00e1bado (5), a partir das 14h, com a interdi\u00e7\u00e3o da rua Silvino Mac\u00eado para a montagem da estrutura.<\/p>\n\n\n\n<p class=\"wp-block-paragraph\">Na pr\u00f3xima segunda-feira (7), a partir das 6h, algumas vias ser\u00e3o interditadas temporariamente, s\u00e3o elas: S\u00e3o Vicente de Paula, Jornalista An\u00edbal Fernandes, Dr.J\u00falio de Melo, Agnelo Dias Vidal, Manoel Surubim, Cleto Campelo, Frei Caneca, Deputado Souto Filho e Jo\u00e3o Tiburcio, um trecho da rua Belmiro Pereira e a Avenida Major Manoel de Freitas.<\/p>\n\n\n\n<p class=\"wp-block-paragraph\">O desfile c\u00edvico ter\u00e1 in\u00edcio na rua Jornalista An\u00edbal Fernandes, em frente ao Porto Digital (Espa\u00e7o Cultural Tancredo Neves), e dispers\u00e3o na Avenida Major Manoel de Freitas. Todas as vias ser\u00e3o liberadas gradativamente ap\u00f3s o t\u00e9rmino do desfile de 7 de Setembro.<\/p>\n\n\n\n<p class=\"wp-block-paragraph\"> <br \/>Siga o nosso Instagram @portaledivaldomagalhaes. <br \/>Imagem: Google Maps\/Street Views<\/p>\n\n\n\n<figure class=\"wp-block-image size-large\"><img loading=\"lazy\" decoding=\"async\" width=\"1024\" height=\"724\" src=\"https:\/\/blogdoedvaldomagalhaes.com.br\/wp-content\/uploads\/2026\/09\/682fdb99-8f40-4819-bc2b-6a3fe6d2a667-1024x724.jpg\" class=\"wp-image-132848\" srcset=\"https:\/\/blogdoedvaldomagalhaes.com.br\/wp-content\/uploads\/2026\/09\/682fdb99-8f40-4819-bc2b-6a3fe6d2a667-1024x724.jpg 1024w, https:\/\/blogdoedvaldomagalhaes.com.br\/wp-content\/uploads\/2026\/09\/682fdb99-8f40-4819-bc2b-6a3fe6d2a667-300x212.jpg 300w, https:\/\/blogdoedvaldomagalhaes.com.br\/wp-content\/uploads\/2026\/09\/682fdb99-8f40-4819-bc2b-6a3fe6d2a667-768x543.jpg 768w, https:\/\/blogdoedvaldomagalhaes.com.br\/wp-content\/uploads\/2026\/09\/682fdb99-8f40-4819-bc2b-6a3fe6d2a667-1536x1086.jpg 1536w, https:\/\/blogdoedvaldomagalhaes.com.br\/wp-content\/uploads\/2026\/09\/682fdb99-8f40-4819-bc2b-6a3fe6d2a667.jpg 1599w\" sizes=\"auto, (max-width: 1024px) 100vw, 1024px\" \/><figcaption class=\"wp-element-caption\">Mapa: AMC\/Divulga\u00e7\u00e3o<\/figcaption><\/figure>\n","protected":false},"excerpt":{"rendered":"<p>O tr\u00e2nsito na \u00e1rea central de Caruaru vai passar por altera\u00e7\u00f5es para a realiza\u00e7\u00e3o do desfile c\u00edvico de 7 de&hellip;<\/p>\n","protected":false},"author":1,"featured_media":132843,"comment_status":"closed","ping_status":"open","sticky":false,"template":"","format":"standard","meta":{"footnotes":""},"categories":[14120],"tags":[37317,13146,36989],"class_list":["post-132832","post","type-post","status-publish","format-standard","has-post-thumbnail","hentry","category-noticias","tag-amc-interdita-ruas-para-o-desfile-de-7-de-setembro-em-caruaru","tag-blog-edvaldo-magalhaes","tag-portal-edivaldo-magalhaes"],"_links":{"self":[{"href":"https:\/\/blogdoedvaldomagalhaes.com.br\/index.php\/wp-json\/wp\/v2\/posts\/132832","targetHints":{"allow":["GET"]}}],"collection":[{"href":"https:\/\/blogdoedvaldomagalhaes.com.br\/index.php\/wp-json\/wp\/v2\/posts"}],"about":[{"href":"https:\/\/blogdoedvaldomagalhaes.com.br\/index.php\/wp-json\/wp\/v2\/types\/post"}],"author":[{"embeddable":true,"href":"https:\/\/blogdoedvaldomagalhaes.com.br\/index.php\/wp-json\/wp\/v2\/users\/1"}],"replies":[{"embeddable":true,"href":"https:\/\/blogdoedvaldomagalhaes.com.br\/index.php\/wp-json\/wp\/v2\/comments?post=132832"}],"version-history":[{"count":5,"href":"https:\/\/blogdoedvaldomagalhaes.com.br\/index.php\/wp-json\/wp\/v2\/posts\/132832\/revisions"}],"predecessor-version":[{"id":132849,"href":"https:\/\/blogdoedvaldomagalhaes.com.br\/index.php\/wp-json\/wp\/v2\/posts\/132832\/revisions\/132849"}],"wp:featuredmedia":[{"embeddable":true,"href":"https:\/\/blogdoedvaldomagalhaes.com.br\/index.php\/wp-json\/wp\/v2\/media\/132843"}],"wp:attachment":[{"href":"https:\/\/blogdoedvaldomagalhaes.com.br\/index.php\/wp-json\/wp\/v2\/media?parent=132832"}],"wp:term":[{"taxonomy":"category","embeddable":true,"href":"https:\/\/blogdoedvaldomagalhaes.com.br\/index.php\/wp-json\/wp\/v2\/categories?post=132832"},{"taxonomy":"post_tag","embeddable":true,"href":"https:\/\/blogdoedvaldomagalhaes.com.br\/index.php\/wp-json\/wp\/v2\/tags?post=132832"}],"curies":[{"name":"wp","href":"https:\/\/api.w.org\/{rel}","templated":true}]}}