{"id":132827,"date":"2026-09-03T22:28:44","date_gmt":"2026-09-04T01:28:44","guid":{"rendered":"https:\/\/blogdoedvaldomagalhaes.com.br\/?p=132827"},"modified":"2026-09-03T22:28:44","modified_gmt":"2026-09-04T01:28:44","slug":"anderson-correia-cumpre-agenda-em-aguas-belas-intensifica-campanha-e-amplia-bases-de-apoio","status":"publish","type":"post","link":"https:\/\/blogdoedvaldomagalhaes.com.br\/index.php\/2026\/09\/03\/anderson-correia-cumpre-agenda-em-aguas-belas-intensifica-campanha-e-amplia-bases-de-apoio\/","title":{"rendered":"Anderson Correia cumpre agenda em \u00c1guas Belas, intensifica campanha e amplia bases de apoio"},"content":{"rendered":"\n<p class=\"wp-block-paragraph\">O vereador de Caruaru e candidato a deputado estadual Anderson Correia (PP) cumpriu agenda nesta quinta-feira no munic\u00edpio de \u00c1guas Belas, fortalecendo sua presen\u00e7a e ampliando apoios na cidade. Mais cedo, Correia tamb\u00e9m esteve em Iati, onde se encontrou com apoiadores. Ao longo do dia, participou de visitas porta a porta, conversou diretamente com a popula\u00e7\u00e3o, esteve em um almo\u00e7o com lideran\u00e7as e apresentou seus prop\u00f3sitos e o trabalho que vem desenvolvendo em defesa dos pernambucanos.<\/p>\n\n\n\n<p class=\"wp-block-paragraph\">Em \u00c1guas Belas, Correia foi acompanhado pela l\u00edder da ONG Amar, Rejane, que esteve ao seu lado em toda agenda. A ONG \u00e9 refer\u00eancia em toda a regi\u00e3o pelo importante trabalho de acolhimento e prote\u00e7\u00e3o aos animais em situa\u00e7\u00e3o de vulnerabilidade, realizando resgates de animais v\u00edtimas de maus-tratos e daqueles que vivem em situa\u00e7\u00e3o de rua. A parceria e o elo constru\u00eddo entre Anderson e a ONG t\u00eam fortalecido a atua\u00e7\u00e3o em defesa da causa animal no munic\u00edpio. \u00c0 noite, o candidato participou ainda de uma reuni\u00e3o com diversas pessoas, oportunidade em que ampliou sua base de apoio e recebeu novas ades\u00f5es.<\/p>\n\n\n\n<p class=\"wp-block-paragraph\">\u201c\u00c1guas Belas faz parte da nossa caminhada e temos uma rela\u00e7\u00e3o muito forte com esta cidade, especialmente por meio da ONG Amar e da minha amiga Rejane, que desenvolve um trabalho excelente e que merece ser fortalecido e multiplicado. Fomos muito bem recebidos, pudemos apresentar nossos prop\u00f3sitos, nosso trabalho e ampliar nossa base, recebendo novos apoios. Tenho certeza de que, com o apoio desse povo, vamos chegar \u00e0 Alepe para continuar lutando pelas pessoas e pelos animais\u201d, destacou Anderson Correia.  <br>Siga o nosso Instagram @portaledivaldomagalhaes<br>Foto: Divulga\u00e7\u00e3o <\/p>\n","protected":false},"excerpt":{"rendered":"<p>O vereador de Caruaru e candidato a deputado estadual Anderson Correia (PP) cumpriu agenda nesta quinta-feira no munic\u00edpio de \u00c1guas&hellip;<\/p>\n","protected":false},"author":1,"featured_media":132828,"comment_status":"closed","ping_status":"open","sticky":false,"template":"","format":"standard","meta":{"footnotes":""},"categories":[14122],"tags":[20634,36938,13146,36989],"class_list":["post-132827","post","type-post","status-publish","format-standard","has-post-thumbnail","hentry","category-politica","tag-anderson-correia","tag-blog-de-politica","tag-blog-edvaldo-magalhaes","tag-portal-edivaldo-magalhaes"],"_links":{"self":[{"href":"https:\/\/blogdoedvaldomagalhaes.com.br\/index.php\/wp-json\/wp\/v2\/posts\/132827","targetHints":{"allow":["GET"]}}],"collection":[{"href":"https:\/\/blogdoedvaldomagalhaes.com.br\/index.php\/wp-json\/wp\/v2\/posts"}],"about":[{"href":"https:\/\/blogdoedvaldomagalhaes.com.br\/index.php\/wp-json\/wp\/v2\/types\/post"}],"author":[{"embeddable":true,"href":"https:\/\/blogdoedvaldomagalhaes.com.br\/index.php\/wp-json\/wp\/v2\/users\/1"}],"replies":[{"embeddable":true,"href":"https:\/\/blogdoedvaldomagalhaes.com.br\/index.php\/wp-json\/wp\/v2\/comments?post=132827"}],"version-history":[{"count":2,"href":"https:\/\/blogdoedvaldomagalhaes.com.br\/index.php\/wp-json\/wp\/v2\/posts\/132827\/revisions"}],"predecessor-version":[{"id":132830,"href":"https:\/\/blogdoedvaldomagalhaes.com.br\/index.php\/wp-json\/wp\/v2\/posts\/132827\/revisions\/132830"}],"wp:featuredmedia":[{"embeddable":true,"href":"https:\/\/blogdoedvaldomagalhaes.com.br\/index.php\/wp-json\/wp\/v2\/media\/132828"}],"wp:attachment":[{"href":"https:\/\/blogdoedvaldomagalhaes.com.br\/index.php\/wp-json\/wp\/v2\/media?parent=132827"}],"wp:term":[{"taxonomy":"category","embeddable":true,"href":"https:\/\/blogdoedvaldomagalhaes.com.br\/index.php\/wp-json\/wp\/v2\/categories?post=132827"},{"taxonomy":"post_tag","embeddable":true,"href":"https:\/\/blogdoedvaldomagalhaes.com.br\/index.php\/wp-json\/wp\/v2\/tags?post=132827"}],"curies":[{"name":"wp","href":"https:\/\/api.w.org\/{rel}","templated":true}]}}