{"id":132822,"date":"2026-09-03T21:53:19","date_gmt":"2026-09-04T00:53:19","guid":{"rendered":"https:\/\/blogdoedvaldomagalhaes.com.br\/?p=132822"},"modified":"2026-09-03T21:53:19","modified_gmt":"2026-09-04T00:53:19","slug":"plenaria-da-unidade-popular-reune-militantes-e-candidato-ao-senado-em-caruaru","status":"publish","type":"post","link":"https:\/\/blogdoedvaldomagalhaes.com.br\/index.php\/2026\/09\/03\/plenaria-da-unidade-popular-reune-militantes-e-candidato-ao-senado-em-caruaru\/","title":{"rendered":"Plen\u00e1ria da Unidade Popular re\u00fane militantes e candidato ao Senado em Caruaru"},"content":{"rendered":"\n<p class=\"wp-block-paragraph\">A Unidade Popular (UP) realizou, na noite desta quinta-feira (3), uma plen\u00e1ria de campanha em Caruaru, no Agreste de Pernambuco. O encontro aconteceu no audit\u00f3rio do Sintracon, localizado na Rua Afonso Celso, no bairro S\u00e3o Francisco.<\/p>\n\n\n\n<p class=\"wp-block-paragraph\">A atividade contou com a participa\u00e7\u00e3o de Samuel Tim\u00f3teo, candidato ao Senado pela UP, que apresentou uma an\u00e1lise da conjuntura pol\u00edtica do pa\u00eds e falou sobre as principais propostas defendidas pelo partido para as elei\u00e7\u00f5es deste ano.<\/p>\n\n\n\n<p class=\"wp-block-paragraph\">Durante a plen\u00e1ria, tamb\u00e9m foram apresentados os nomes que integram a chapa da Unidade Popular. Samara concorre \u00e0 Presid\u00eancia da Rep\u00fablica, tendo Raquel como candidata a vice. Para o Governo de Pernambuco, a chapa \u00e9 formada pela professora Camilla, candidata a governadora, e Marcelo, candidato a vice-governador. Na disputa pelo Senado, al\u00e9m de Samuel Tim\u00f3teo, a UP tem Gorett Bit\u00fa como candidata.<\/p>\n\n\n\n<p class=\"wp-block-paragraph\">A Unidade Popular, oficialmente denominada Unidade Popular pelo Socialismo, \u00e9 um partido pol\u00edtico brasileiro criado em 16 de junho de 2016 e registrado pelo Tribunal Superior Eleitoral (TSE) em dezembro de 2019. A legenda se identifica com a esquerda socialista e tem entre suas principais bandeiras a supera\u00e7\u00e3o do sistema capitalista e a constru\u00e7\u00e3o de uma sociedade socialista.<\/p>\n\n\n\n<p class=\"wp-block-paragraph\">O partido mant\u00e9m forte liga\u00e7\u00e3o com movimentos sociais, especialmente organiza\u00e7\u00f5es voltadas \u00e0 luta por moradia e \u00e0 defesa dos trabalhadores, das mulheres e da juventude. Entre suas propostas est\u00e3o a nacionaliza\u00e7\u00e3o de setores considerados estrat\u00e9gicos, o enfrentamento aos monop\u00f3lios e a realiza\u00e7\u00e3o de reformas agr\u00e1ria e urbana.<\/p>\n\n\n\n<p class=\"wp-block-paragraph\">A UP tamb\u00e9m aposta na mobiliza\u00e7\u00e3o e na participa\u00e7\u00e3o de sua milit\u00e2ncia de base durante o processo eleitoral e utiliza o n\u00famero 80 nas urnas. <br>Siga o nosso Instagram @portaledivaldomagalhaes<br><\/p>\n","protected":false},"excerpt":{"rendered":"<p>A Unidade Popular (UP) realizou, na noite desta quinta-feira (3), uma plen\u00e1ria de campanha em Caruaru, no Agreste de Pernambuco.&hellip;<\/p>\n","protected":false},"author":1,"featured_media":132823,"comment_status":"closed","ping_status":"open","sticky":false,"template":"","format":"standard","meta":{"footnotes":""},"categories":[14122],"tags":[36938,13146,37316,36989,19460],"class_list":["post-132822","post","type-post","status-publish","format-standard","has-post-thumbnail","hentry","category-politica","tag-blog-de-politica","tag-blog-edvaldo-magalhaes","tag-plenaria-da-unidade-popular","tag-portal-edivaldo-magalhaes","tag-up"],"_links":{"self":[{"href":"https:\/\/blogdoedvaldomagalhaes.com.br\/index.php\/wp-json\/wp\/v2\/posts\/132822","targetHints":{"allow":["GET"]}}],"collection":[{"href":"https:\/\/blogdoedvaldomagalhaes.com.br\/index.php\/wp-json\/wp\/v2\/posts"}],"about":[{"href":"https:\/\/blogdoedvaldomagalhaes.com.br\/index.php\/wp-json\/wp\/v2\/types\/post"}],"author":[{"embeddable":true,"href":"https:\/\/blogdoedvaldomagalhaes.com.br\/index.php\/wp-json\/wp\/v2\/users\/1"}],"replies":[{"embeddable":true,"href":"https:\/\/blogdoedvaldomagalhaes.com.br\/index.php\/wp-json\/wp\/v2\/comments?post=132822"}],"version-history":[{"count":1,"href":"https:\/\/blogdoedvaldomagalhaes.com.br\/index.php\/wp-json\/wp\/v2\/posts\/132822\/revisions"}],"predecessor-version":[{"id":132824,"href":"https:\/\/blogdoedvaldomagalhaes.com.br\/index.php\/wp-json\/wp\/v2\/posts\/132822\/revisions\/132824"}],"wp:featuredmedia":[{"embeddable":true,"href":"https:\/\/blogdoedvaldomagalhaes.com.br\/index.php\/wp-json\/wp\/v2\/media\/132823"}],"wp:attachment":[{"href":"https:\/\/blogdoedvaldomagalhaes.com.br\/index.php\/wp-json\/wp\/v2\/media?parent=132822"}],"wp:term":[{"taxonomy":"category","embeddable":true,"href":"https:\/\/blogdoedvaldomagalhaes.com.br\/index.php\/wp-json\/wp\/v2\/categories?post=132822"},{"taxonomy":"post_tag","embeddable":true,"href":"https:\/\/blogdoedvaldomagalhaes.com.br\/index.php\/wp-json\/wp\/v2\/tags?post=132822"}],"curies":[{"name":"wp","href":"https:\/\/api.w.org\/{rel}","templated":true}]}}