{"id":132819,"date":"2026-09-03T19:46:12","date_gmt":"2026-09-03T22:46:12","guid":{"rendered":"https:\/\/blogdoedvaldomagalhaes.com.br\/?p=132819"},"modified":"2026-09-03T19:46:12","modified_gmt":"2026-09-03T22:46:12","slug":"governo-de-pernambuco-entrega-43-ambulancias-a-municipios-do-estado","status":"publish","type":"post","link":"https:\/\/blogdoedvaldomagalhaes.com.br\/index.php\/2026\/09\/03\/governo-de-pernambuco-entrega-43-ambulancias-a-municipios-do-estado\/","title":{"rendered":"Governo de Pernambuco entrega 43 ambul\u00e2ncias a munic\u00edpios do Estado"},"content":{"rendered":"\n<p class=\"wp-block-paragraph\"><em>Governo de Pernambuco entrega 43 ambul\u00e2ncias a munic\u00edpios do Estado<\/em><\/p>\n\n\n\n<p class=\"wp-block-paragraph\"><em>Do total, 28 ve\u00edculos foram destinados \u00e0 assist\u00eancia materno-infantil e 15 ao suporte de pacientes graves<\/em><\/p>\n\n\n\n<p class=\"wp-block-paragraph\">O Governo de Pernambuco, atrav\u00e9s da Secretaria Estadual de Sa\u00fade (SES-PE), entregou, nesta quinta-feira (03), mais 43 ambul\u00e2ncias a munic\u00edpios do Estado. Do total, 28 ve\u00edculos foram destinados \u00e0 assist\u00eancia materno-infantil e 15 ao suporte de pacientes graves. Com essa entrega, j\u00e1 foram disponibilizados 142 ve\u00edculos a cidades pernambucanas. Ao todo, 275 ambul\u00e2ncias ser\u00e3o entregues at\u00e9 o final da a\u00e7\u00e3o, ampliando e qualificando a estrutura de atendimento \u00e0 popula\u00e7\u00e3o em diferentes regi\u00f5es. O investimento total na aquisi\u00e7\u00e3o dos ve\u00edculos \u00e9 de aproximadamente R$ 90 milh\u00f5es.<\/p>\n\n\n\n<p class=\"wp-block-paragraph\">\u201cO caminho, nos pr\u00f3ximos dias, \u00e9 que a gente entregue ao menos uma ambul\u00e2ncia a cada munic\u00edpio do nosso Estado. Hoje, as ambul\u00e2ncias entregues s\u00e3o as b\u00e1sicas do materno-infantil e algumas ambul\u00e2ncias UTI, que s\u00e3o totalmente equipadas, inclusive com incubadora. Com essas entregas, o Governo fortalece o transporte sanit\u00e1rio, trazendo mais seguran\u00e7a n\u00e3o somente para os pacientes, mas tamb\u00e9m para os acompanhantes, profissionais de sa\u00fade e condutores das ambul\u00e2ncias\u201d, destacou a secret\u00e1ria de Sa\u00fade, Zilda Cavalcanti.<\/p>\n\n\n\n<p class=\"wp-block-paragraph\">Foram contemplados nesta etapa os munic\u00edpios Afogados da Ingazeira, \u00c1guas Belas, Angelim, Barreiros, Bel\u00e9m de Maria, Bezerros, Bom Conselho, Bonito, Brejo da Madre de Deus, Bu\u00edque, Cal\u00e7ado, Cust\u00f3dia, Escada, Exu, Gravat\u00e1, Ibimirim, Ipubi, Jucati, Lajedo, Macaparana, Moreil\u00e2ndia, Moreno, Palmares, Paranatama, Paudalho, Santa Cruz, Santa Maria da Boa Vista, Santa Terezinha, S\u00e3o Benedito do Sul, S\u00e3o Bento do Una, Serra Talhada, Solid\u00e3o, Tabira, Timba\u00faba, Toritama, Trindade, Tupanatinga, Tuparetama e Vertente do L\u00e9rio.<\/p>\n\n\n\n<p class=\"wp-block-paragraph\">Fotos: V\u00edvian Ramos\/SES. <br><\/p>\n\n\n\n<p class=\"wp-block-paragraph\">Siga o nosso Instagram @portaledivaldomagalhaes. <br>Foto: <\/p>\n","protected":false},"excerpt":{"rendered":"<p>Governo de Pernambuco entrega 43 ambul\u00e2ncias a munic\u00edpios do Estado Do total, 28 ve\u00edculos foram destinados \u00e0 assist\u00eancia materno-infantil e&hellip;<\/p>\n","protected":false},"author":1,"featured_media":132820,"comment_status":"closed","ping_status":"open","sticky":false,"template":"","format":"standard","meta":{"footnotes":""},"categories":[14120],"tags":[36938,13146,5943,36989],"class_list":["post-132819","post","type-post","status-publish","format-standard","has-post-thumbnail","hentry","category-noticias","tag-blog-de-politica","tag-blog-edvaldo-magalhaes","tag-governo-de-pernambuco","tag-portal-edivaldo-magalhaes"],"_links":{"self":[{"href":"https:\/\/blogdoedvaldomagalhaes.com.br\/index.php\/wp-json\/wp\/v2\/posts\/132819","targetHints":{"allow":["GET"]}}],"collection":[{"href":"https:\/\/blogdoedvaldomagalhaes.com.br\/index.php\/wp-json\/wp\/v2\/posts"}],"about":[{"href":"https:\/\/blogdoedvaldomagalhaes.com.br\/index.php\/wp-json\/wp\/v2\/types\/post"}],"author":[{"embeddable":true,"href":"https:\/\/blogdoedvaldomagalhaes.com.br\/index.php\/wp-json\/wp\/v2\/users\/1"}],"replies":[{"embeddable":true,"href":"https:\/\/blogdoedvaldomagalhaes.com.br\/index.php\/wp-json\/wp\/v2\/comments?post=132819"}],"version-history":[{"count":1,"href":"https:\/\/blogdoedvaldomagalhaes.com.br\/index.php\/wp-json\/wp\/v2\/posts\/132819\/revisions"}],"predecessor-version":[{"id":132821,"href":"https:\/\/blogdoedvaldomagalhaes.com.br\/index.php\/wp-json\/wp\/v2\/posts\/132819\/revisions\/132821"}],"wp:featuredmedia":[{"embeddable":true,"href":"https:\/\/blogdoedvaldomagalhaes.com.br\/index.php\/wp-json\/wp\/v2\/media\/132820"}],"wp:attachment":[{"href":"https:\/\/blogdoedvaldomagalhaes.com.br\/index.php\/wp-json\/wp\/v2\/media?parent=132819"}],"wp:term":[{"taxonomy":"category","embeddable":true,"href":"https:\/\/blogdoedvaldomagalhaes.com.br\/index.php\/wp-json\/wp\/v2\/categories?post=132819"},{"taxonomy":"post_tag","embeddable":true,"href":"https:\/\/blogdoedvaldomagalhaes.com.br\/index.php\/wp-json\/wp\/v2\/tags?post=132819"}],"curies":[{"name":"wp","href":"https:\/\/api.w.org\/{rel}","templated":true}]}}