{"id":132816,"date":"2026-09-03T19:41:42","date_gmt":"2026-09-03T22:41:42","guid":{"rendered":"https:\/\/blogdoedvaldomagalhaes.com.br\/?p=132816"},"modified":"2026-09-03T19:41:42","modified_gmt":"2026-09-03T22:41:42","slug":"pernambuco-registra-em-agosto-os-menores-numeros-de-mvis-e-cvps-das-series-historicas","status":"publish","type":"post","link":"https:\/\/blogdoedvaldomagalhaes.com.br\/index.php\/2026\/09\/03\/pernambuco-registra-em-agosto-os-menores-numeros-de-mvis-e-cvps-das-series-historicas\/","title":{"rendered":"Pernambuco registra em agosto os menores n\u00fameros de MVIs e CVPs das s\u00e9ries hist\u00f3ricas"},"content":{"rendered":"\n<p class=\"wp-block-paragraph\"><\/p>\n\n\n\n<p class=\"wp-block-paragraph\"><em>Foram contabilizadas 212 Mortes Violentas Intencionais, menor n\u00famero desde o in\u00edcio da s\u00e9rie hist\u00f3rica, em 2004, e 1.241 Crimes Violentos contra o Patrim\u00f4nio, menor quantitativo da s\u00e9rie iniciada em 2011<\/em><\/p>\n\n\n\n<p class=\"wp-block-paragraph\">Pernambuco encerrou o m\u00eas de agosto com os menores n\u00fameros de Mortes Violentas Intencionais (MVIs) e de Crimes Violentos contra o Patrim\u00f4nio (CVPs) registrados nas respectivas s\u00e9ries hist\u00f3ricas, iniciadas em 2004 e 2011. No m\u00eas, foram contabilizadas 212 MVIs e 1.241 ocorr\u00eancias de CVPs. O mesmo cen\u00e1rio \u00e9 observado no acumulado de janeiro a agosto de 2026, per\u00edodo em que foram registradas 1.853 MVIs e 12.199 ocorr\u00eancias de CVPs, os menores quantitativos para os oito primeiros meses do ano nas respectivas s\u00e9ries hist\u00f3ricas. Os dados s\u00e3o preliminares e foram consolidados pela Ger\u00eancia Geral de An\u00e1lise Criminal e Estat\u00edstica (GGACE) da Secretaria de Defesa Social (SDS).<\/p>\n\n\n\n<p class=\"wp-block-paragraph\">\u201cAgosto \u00e9 o quinto m\u00eas de 2026 com registro inferior a 230 Mortes Violentas Intencionais. Os dados s\u00e3o acompanhados de forma cont\u00ednua pelas for\u00e7as de seguran\u00e7a p\u00fablica e orientam as a\u00e7\u00f5es de preven\u00e7\u00e3o e repress\u00e3o \u00e0 criminalidade no Estado\u201d, afirmou o secret\u00e1rio de Defesa Social, Alessandro Carvalho.<\/p>\n\n\n\n<p class=\"wp-block-paragraph\">Na compara\u00e7\u00e3o com agosto de 2025, as Mortes Violentas Intencionais apresentaram redu\u00e7\u00e3o de 18,1%, passando de 259 para 212 casos em agosto de 2026, uma diferen\u00e7a de 47 ocorr\u00eancias. No acumulado de janeiro a agosto, foram registrados 1.853 casos em 2026, ante 2.127 no mesmo per\u00edodo de 2025, o que corresponde a uma redu\u00e7\u00e3o de 12,9% e a 274 ocorr\u00eancias a menos.<\/p>\n\n\n\n<p class=\"wp-block-paragraph\">Nos Crimes Violentos contra o Patrim\u00f4nio, a redu\u00e7\u00e3o em agosto foi de 44% na compara\u00e7\u00e3o com o mesmo m\u00eas de 2025. O n\u00famero de ocorr\u00eancias passou de 2.214 para 1.241, uma diferen\u00e7a de 973 casos. De janeiro a agosto, foram registrados 12.199 casos em 2026, ante 20.937 no mesmo per\u00edodo de 2025, uma redu\u00e7\u00e3o de 42%, com 8.738 ocorr\u00eancias a menos.  <br>Siga o nosso Instagram @portaledivaldomagalhaes<br>Foto: Divulga\u00e7\u00e3o\/SDS<\/p>\n","protected":false},"excerpt":{"rendered":"<p>Foram contabilizadas 212 Mortes Violentas Intencionais, menor n\u00famero desde o in\u00edcio da s\u00e9rie hist\u00f3rica, em 2004, e 1.241 Crimes Violentos&hellip;<\/p>\n","protected":false},"author":1,"featured_media":132817,"comment_status":"closed","ping_status":"open","sticky":false,"template":"","format":"standard","meta":{"footnotes":""},"categories":[14120],"tags":[36938,13146,37315,36989],"class_list":["post-132816","post","type-post","status-publish","format-standard","has-post-thumbnail","hentry","category-noticias","tag-blog-de-politica","tag-blog-edvaldo-magalhaes","tag-pernambuco-registra-em-agosto-os-menores-numeros-de-mvis-e-cvps-das-series-historicas","tag-portal-edivaldo-magalhaes"],"_links":{"self":[{"href":"https:\/\/blogdoedvaldomagalhaes.com.br\/index.php\/wp-json\/wp\/v2\/posts\/132816","targetHints":{"allow":["GET"]}}],"collection":[{"href":"https:\/\/blogdoedvaldomagalhaes.com.br\/index.php\/wp-json\/wp\/v2\/posts"}],"about":[{"href":"https:\/\/blogdoedvaldomagalhaes.com.br\/index.php\/wp-json\/wp\/v2\/types\/post"}],"author":[{"embeddable":true,"href":"https:\/\/blogdoedvaldomagalhaes.com.br\/index.php\/wp-json\/wp\/v2\/users\/1"}],"replies":[{"embeddable":true,"href":"https:\/\/blogdoedvaldomagalhaes.com.br\/index.php\/wp-json\/wp\/v2\/comments?post=132816"}],"version-history":[{"count":1,"href":"https:\/\/blogdoedvaldomagalhaes.com.br\/index.php\/wp-json\/wp\/v2\/posts\/132816\/revisions"}],"predecessor-version":[{"id":132818,"href":"https:\/\/blogdoedvaldomagalhaes.com.br\/index.php\/wp-json\/wp\/v2\/posts\/132816\/revisions\/132818"}],"wp:featuredmedia":[{"embeddable":true,"href":"https:\/\/blogdoedvaldomagalhaes.com.br\/index.php\/wp-json\/wp\/v2\/media\/132817"}],"wp:attachment":[{"href":"https:\/\/blogdoedvaldomagalhaes.com.br\/index.php\/wp-json\/wp\/v2\/media?parent=132816"}],"wp:term":[{"taxonomy":"category","embeddable":true,"href":"https:\/\/blogdoedvaldomagalhaes.com.br\/index.php\/wp-json\/wp\/v2\/categories?post=132816"},{"taxonomy":"post_tag","embeddable":true,"href":"https:\/\/blogdoedvaldomagalhaes.com.br\/index.php\/wp-json\/wp\/v2\/tags?post=132816"}],"curies":[{"name":"wp","href":"https:\/\/api.w.org\/{rel}","templated":true}]}}